{"id":6810,"date":"2026-08-24T10:49:04","date_gmt":"2026-08-24T08:49:04","guid":{"rendered":"https:\/\/misericordiadesanfernando.com\/?p=6810"},"modified":"2026-08-24T10:49:05","modified_gmt":"2026-08-24T08:49:05","slug":"aula-de-formacion-daniel-nieto-vazquez-formacion-online-6","status":"publish","type":"post","link":"https:\/\/misericordiadesanfernando.com\/index.php\/2026\/08\/24\/aula-de-formacion-daniel-nieto-vazquez-formacion-online-6\/","title":{"rendered":"AULA DE FORMACI\u00d3N \u201cDaniel Nieto V\u00e1zquez\u201d | Formaci\u00f3n Online"},"content":{"rendered":"\n<p class=\"wp-block-paragraph\">22 DE AGOSTO | MAR\u00cdA, REINA JUNTO A CRISTO REY<\/p>\n\n\n\n<p class=\"wp-block-paragraph\">Cada 22 de agosto, la Iglesia celebra la memoria de la Bienaventurada Virgen Mar\u00eda, Reina, culminando lit\u00fargicamente la Octava de la Asunci\u00f3n. Despu\u00e9s de contemplar a Mar\u00eda elevada al cielo en cuerpo y alma, la Iglesia la contempla como Reina del Cielo y de la Tierra.<\/p>\n\n\n\n<p class=\"wp-block-paragraph\">\u00bfPor qu\u00e9 llamamos Reina a Mar\u00eda?<\/p>\n\n\n\n<p class=\"wp-block-paragraph\">La realeza de Mar\u00eda nace de su \u00edntima uni\u00f3n con Jesucristo. Si Cristo es Rey, Mar\u00eda, su Madre, participa de una manera singular en la gloria de su Hijo.<\/p>\n\n\n\n<p class=\"wp-block-paragraph\">No se trata de una realeza entendida como poder humano, riqueza o dominio. La grandeza de Mar\u00eda est\u00e1 precisamente en todo lo contrario: servicio, humildad, entrega y fidelidad a Dios.<\/p>\n\n\n\n<p class=\"wp-block-paragraph\">Ella misma se defini\u00f3 como la \u00abesclava del Se\u00f1or\u00bb. Por eso, su corona es consecuencia de una vida enteramente entregada a la voluntad de Dios.<\/p>\n\n\n\n<p class=\"wp-block-paragraph\">Una Reina que es Madre<\/p>\n\n\n\n<p class=\"wp-block-paragraph\">La Iglesia no contempla a Mar\u00eda como una reina distante. Su realeza est\u00e1 profundamente unida a su maternidad.<\/p>\n\n\n\n<p class=\"wp-block-paragraph\">Mar\u00eda contin\u00faa ejerciendo desde el cielo su misi\u00f3n maternal sobre todos los hijos de Dios. Por eso acudimos a Ella como Reina y Madre de Misericordia, expresi\u00f3n que rezamos tantas veces en la Salve.<\/p>\n\n\n\n<p class=\"wp-block-paragraph\">Su reinado es un reinado de amor: intercede, acompa\u00f1a, protege y conduce siempre hacia Cristo.<\/p>\n\n\n\n<p class=\"wp-block-paragraph\">Mar\u00eda, modelo para el cristiano<\/p>\n\n\n\n<p class=\"wp-block-paragraph\">La Realeza de Mar\u00eda nos recuerda una de las grandes paradojas del Evangelio: para reinar con Cristo hay que aprender primero a servir.<\/p>\n\n\n\n<p class=\"wp-block-paragraph\">Mar\u00eda alcanz\u00f3 la gloria porque supo ponerse en manos de Dios. Permaneci\u00f3 junto a su Hijo desde Bel\u00e9n hasta el Calvario y permaneci\u00f3 fiel incluso cuando todo parec\u00eda perdido.<\/p>\n\n\n\n<p class=\"wp-block-paragraph\">Su corona habla, por tanto, de fidelidad. Su trono habla de servicio. Y su grandeza habla de humildad.<\/p>\n\n\n\n<p class=\"wp-block-paragraph\">El origen de esta celebraci\u00f3n<\/p>\n\n\n\n<p class=\"wp-block-paragraph\">La fiesta de la Realeza de Mar\u00eda fue instituida por el papa P\u00edo XII en 1954, mediante la enc\u00edclica Ad Caeli Reginam. Posteriormente, la reforma del calendario lit\u00fargico situ\u00f3 esta memoria el 22 de agosto, relacion\u00e1ndola directamente con la solemnidad de la Asunci\u00f3n celebrada una semana antes.<\/p>\n\n\n\n<p class=\"wp-block-paragraph\">Salve, Reina y Madre de Misericordia, vida, dulzura y esperanza nuestra.<\/p>\n\n\n\n<p class=\"wp-block-paragraph\">-VOCAL\u00cdA DE FORMACI\u00d3N Y LITURGIA\u201d<\/p>\n\n\n\n<figure class=\"wp-block-image size-full\"><img loading=\"lazy\" decoding=\"async\" width=\"940\" height=\"788\" src=\"https:\/\/misericordiadesanfernando.com\/wp-content\/uploads\/2026\/08\/17.jpg\" alt=\"\" class=\"wp-image-6811\" srcset=\"https:\/\/misericordiadesanfernando.com\/wp-content\/uploads\/2026\/08\/17.jpg 940w, https:\/\/misericordiadesanfernando.com\/wp-content\/uploads\/2026\/08\/17-300x251.jpg 300w, https:\/\/misericordiadesanfernando.com\/wp-content\/uploads\/2026\/08\/17-767x643.jpg 767w\" sizes=\"auto, (max-width: 940px) 100vw, 940px\" \/><\/figure>\n","protected":false},"excerpt":{"rendered":"<p>22 DE AGOSTO | MAR\u00cdA, REINA JUNTO A CRISTO REY Cada 22 de agosto, la Iglesia celebra la memoria de la Bienaventurada Virgen Mar\u00eda, Reina, culminando lit\u00fargicamente la Octava de&hellip;<\/p>\n","protected":false},"author":3,"featured_media":0,"comment_status":"closed","ping_status":"closed","sticky":false,"template":"","format":"standard","meta":{"footnotes":""},"categories":[39],"tags":[],"class_list":["post-6810","post","type-post","status-publish","format-standard","hentry","category-actualidad"],"_links":{"self":[{"href":"https:\/\/misericordiadesanfernando.com\/index.php\/wp-json\/wp\/v2\/posts\/6810","targetHints":{"allow":["GET"]}}],"collection":[{"href":"https:\/\/misericordiadesanfernando.com\/index.php\/wp-json\/wp\/v2\/posts"}],"about":[{"href":"https:\/\/misericordiadesanfernando.com\/index.php\/wp-json\/wp\/v2\/types\/post"}],"author":[{"embeddable":true,"href":"https:\/\/misericordiadesanfernando.com\/index.php\/wp-json\/wp\/v2\/users\/3"}],"replies":[{"embeddable":true,"href":"https:\/\/misericordiadesanfernando.com\/index.php\/wp-json\/wp\/v2\/comments?post=6810"}],"version-history":[{"count":1,"href":"https:\/\/misericordiadesanfernando.com\/index.php\/wp-json\/wp\/v2\/posts\/6810\/revisions"}],"predecessor-version":[{"id":6812,"href":"https:\/\/misericordiadesanfernando.com\/index.php\/wp-json\/wp\/v2\/posts\/6810\/revisions\/6812"}],"wp:attachment":[{"href":"https:\/\/misericordiadesanfernando.com\/index.php\/wp-json\/wp\/v2\/media?parent=6810"}],"wp:term":[{"taxonomy":"category","embeddable":true,"href":"https:\/\/misericordiadesanfernando.com\/index.php\/wp-json\/wp\/v2\/categories?post=6810"},{"taxonomy":"post_tag","embeddable":true,"href":"https:\/\/misericordiadesanfernando.com\/index.php\/wp-json\/wp\/v2\/tags?post=6810"}],"curies":[{"name":"wp","href":"https:\/\/api.w.org\/{rel}","templated":true}]}}