{"id":6807,"date":"2026-08-24T10:47:25","date_gmt":"2026-08-24T08:47:25","guid":{"rendered":"https:\/\/misericordiadesanfernando.com\/?p=6807"},"modified":"2026-08-24T10:47:26","modified_gmt":"2026-08-24T08:47:26","slug":"sabias-que-dia-internacional-de-la-fotografia","status":"publish","type":"post","link":"https:\/\/misericordiadesanfernando.com\/index.php\/2026\/08\/24\/sabias-que-dia-internacional-de-la-fotografia\/","title":{"rendered":"SAB\u00cdAS QUE\u2026. | D\u00eda Internacional de la Fotograf\u00eda"},"content":{"rendered":"\n<p class=\"wp-block-paragraph\">El pasado 19 de agosto se conmemor\u00f3 el \u201cD\u00eda Internacional de la Fotograf\u00eda\u201d, una ocasi\u00f3n para valorar el arte de quienes, c\u00e1mara en mano, han sabido detener el tiempo y conservar para siempre la memoria de nuestras Hermandades y Cofrad\u00edas.<\/p>\n\n\n\n<p class=\"wp-block-paragraph\">A todos ellos, nuestro agradecimiento por legarnos un tesoro de im\u00e1genes que narran lo que fuimos y lo que seguimos siendo.<\/p>\n\n\n\n<p class=\"wp-block-paragraph\">En el d\u00eda de hoy, compartimos con vosotros esta fotograf\u00eda ic\u00f3nica, obra del c\u00e9lebre \u201cFernand\u201d, que forma ya parte de nuestro patrimonio sentimental y devocional.<\/p>\n\n\n\n<figure class=\"wp-block-image size-large\"><img loading=\"lazy\" decoding=\"async\" width=\"768\" height=\"1024\" src=\"https:\/\/misericordiadesanfernando.com\/wp-content\/uploads\/2026\/08\/16-768x1024-1.jpg\" alt=\"\" class=\"wp-image-6808\" srcset=\"https:\/\/misericordiadesanfernando.com\/wp-content\/uploads\/2026\/08\/16-768x1024-1.jpg 768w, https:\/\/misericordiadesanfernando.com\/wp-content\/uploads\/2026\/08\/16-225x300.jpg 225w, https:\/\/misericordiadesanfernando.com\/wp-content\/uploads\/2026\/08\/16-1152x1536.jpg 1152w, https:\/\/misericordiadesanfernando.com\/wp-content\/uploads\/2026\/08\/16.jpg 1536w\" sizes=\"auto, (max-width: 768px) 100vw, 768px\" \/><\/figure>\n","protected":false},"excerpt":{"rendered":"<p>El pasado 19 de agosto se conmemor\u00f3 el \u201cD\u00eda Internacional de la Fotograf\u00eda\u201d, una ocasi\u00f3n para valorar el arte de quienes, c\u00e1mara en mano, han sabido detener el tiempo y&hellip;<\/p>\n","protected":false},"author":3,"featured_media":0,"comment_status":"closed","ping_status":"closed","sticky":false,"template":"","format":"standard","meta":{"footnotes":""},"categories":[39],"tags":[],"class_list":["post-6807","post","type-post","status-publish","format-standard","hentry","category-actualidad"],"_links":{"self":[{"href":"https:\/\/misericordiadesanfernando.com\/index.php\/wp-json\/wp\/v2\/posts\/6807","targetHints":{"allow":["GET"]}}],"collection":[{"href":"https:\/\/misericordiadesanfernando.com\/index.php\/wp-json\/wp\/v2\/posts"}],"about":[{"href":"https:\/\/misericordiadesanfernando.com\/index.php\/wp-json\/wp\/v2\/types\/post"}],"author":[{"embeddable":true,"href":"https:\/\/misericordiadesanfernando.com\/index.php\/wp-json\/wp\/v2\/users\/3"}],"replies":[{"embeddable":true,"href":"https:\/\/misericordiadesanfernando.com\/index.php\/wp-json\/wp\/v2\/comments?post=6807"}],"version-history":[{"count":1,"href":"https:\/\/misericordiadesanfernando.com\/index.php\/wp-json\/wp\/v2\/posts\/6807\/revisions"}],"predecessor-version":[{"id":6809,"href":"https:\/\/misericordiadesanfernando.com\/index.php\/wp-json\/wp\/v2\/posts\/6807\/revisions\/6809"}],"wp:attachment":[{"href":"https:\/\/misericordiadesanfernando.com\/index.php\/wp-json\/wp\/v2\/media?parent=6807"}],"wp:term":[{"taxonomy":"category","embeddable":true,"href":"https:\/\/misericordiadesanfernando.com\/index.php\/wp-json\/wp\/v2\/categories?post=6807"},{"taxonomy":"post_tag","embeddable":true,"href":"https:\/\/misericordiadesanfernando.com\/index.php\/wp-json\/wp\/v2\/tags?post=6807"}],"curies":[{"name":"wp","href":"https:\/\/api.w.org\/{rel}","templated":true}]}}