{"id":6801,"date":"2026-08-24T10:44:51","date_gmt":"2026-08-24T08:44:51","guid":{"rendered":"https:\/\/misericordiadesanfernando.com\/?p=6801"},"modified":"2026-08-24T10:44:52","modified_gmt":"2026-08-24T08:44:52","slug":"acercate-y-conoce-a-cristina-orar-callar-y-sufrir","status":"publish","type":"post","link":"https:\/\/misericordiadesanfernando.com\/index.php\/2026\/08\/24\/acercate-y-conoce-a-cristina-orar-callar-y-sufrir\/","title":{"rendered":"AC\u00c9RCATE Y CONOCE A CRISTINA | Orar, callar y sufrir"},"content":{"rendered":"\n<p class=\"wp-block-paragraph\">SABIAS QU\u00c9\u2026\u2026<\/p>\n\n\n\n<p class=\"wp-block-paragraph\">El 20 de agosto, se cumplieron 104 a\u00f1os de la Profesi\u00f3n o Consagraci\u00f3n al Se\u00f1or de nuestra querida Hermana Cristina.<\/p>\n\n\n\n<p class=\"wp-block-paragraph\">\u00a1Hermana Mar\u00eda Cristina de Jes\u00fas Sacramentado!<\/p>\n\n\n\n<figure class=\"wp-block-image size-large\"><img loading=\"lazy\" decoding=\"async\" width=\"819\" height=\"1024\" src=\"https:\/\/misericordiadesanfernando.com\/wp-content\/uploads\/2026\/08\/14-819x1024.jpg\" alt=\"\" class=\"wp-image-6802\" srcset=\"https:\/\/misericordiadesanfernando.com\/wp-content\/uploads\/2026\/08\/14-819x1024.jpg 819w, https:\/\/misericordiadesanfernando.com\/wp-content\/uploads\/2026\/08\/14-240x300.jpg 240w, https:\/\/misericordiadesanfernando.com\/wp-content\/uploads\/2026\/08\/14-768x960.jpg 768w, https:\/\/misericordiadesanfernando.com\/wp-content\/uploads\/2026\/08\/14.jpg 1170w\" sizes=\"auto, (max-width: 819px) 100vw, 819px\" \/><\/figure>\n","protected":false},"excerpt":{"rendered":"<p>SABIAS QU\u00c9\u2026\u2026 El 20 de agosto, se cumplieron 104 a\u00f1os de la Profesi\u00f3n o Consagraci\u00f3n al Se\u00f1or de nuestra querida Hermana Cristina. \u00a1Hermana Mar\u00eda Cristina de Jes\u00fas Sacramentado!<\/p>\n","protected":false},"author":3,"featured_media":0,"comment_status":"closed","ping_status":"closed","sticky":false,"template":"","format":"standard","meta":{"footnotes":""},"categories":[39],"tags":[],"class_list":["post-6801","post","type-post","status-publish","format-standard","hentry","category-actualidad"],"_links":{"self":[{"href":"https:\/\/misericordiadesanfernando.com\/index.php\/wp-json\/wp\/v2\/posts\/6801","targetHints":{"allow":["GET"]}}],"collection":[{"href":"https:\/\/misericordiadesanfernando.com\/index.php\/wp-json\/wp\/v2\/posts"}],"about":[{"href":"https:\/\/misericordiadesanfernando.com\/index.php\/wp-json\/wp\/v2\/types\/post"}],"author":[{"embeddable":true,"href":"https:\/\/misericordiadesanfernando.com\/index.php\/wp-json\/wp\/v2\/users\/3"}],"replies":[{"embeddable":true,"href":"https:\/\/misericordiadesanfernando.com\/index.php\/wp-json\/wp\/v2\/comments?post=6801"}],"version-history":[{"count":1,"href":"https:\/\/misericordiadesanfernando.com\/index.php\/wp-json\/wp\/v2\/posts\/6801\/revisions"}],"predecessor-version":[{"id":6803,"href":"https:\/\/misericordiadesanfernando.com\/index.php\/wp-json\/wp\/v2\/posts\/6801\/revisions\/6803"}],"wp:attachment":[{"href":"https:\/\/misericordiadesanfernando.com\/index.php\/wp-json\/wp\/v2\/media?parent=6801"}],"wp:term":[{"taxonomy":"category","embeddable":true,"href":"https:\/\/misericordiadesanfernando.com\/index.php\/wp-json\/wp\/v2\/categories?post=6801"},{"taxonomy":"post_tag","embeddable":true,"href":"https:\/\/misericordiadesanfernando.com\/index.php\/wp-json\/wp\/v2\/tags?post=6801"}],"curies":[{"name":"wp","href":"https:\/\/api.w.org\/{rel}","templated":true}]}}