{"id":6798,"date":"2026-08-24T10:43:31","date_gmt":"2026-08-24T08:43:31","guid":{"rendered":"https:\/\/misericordiadesanfernando.com\/?p=6798"},"modified":"2026-08-24T10:43:33","modified_gmt":"2026-08-24T08:43:33","slug":"con-la-hermana-cristina-siempre-24-de-cada-mes-21","status":"publish","type":"post","link":"https:\/\/misericordiadesanfernando.com\/index.php\/2026\/08\/24\/con-la-hermana-cristina-siempre-24-de-cada-mes-21\/","title":{"rendered":"CON LA HERMANA CRISTINA, SIEMPRE | 24 de cada mes"},"content":{"rendered":"\n<p class=\"wp-block-paragraph\">El pr\u00f3ximo lunes ser\u00e1 24 de agosto; se celebrar\u00e1 a las 08:00 horas, la Santa Eucarist\u00eda con nuestras Madres en el Monasterio de la Stma. Trinidad y a las 20:30 horas en el Carmen, para pedir para que, si es la voluntad de Dios, veamos pronto en los altares a nuestra querida Hermana Cristina.<\/p>\n\n\n\n<p class=\"wp-block-paragraph\">Demos gracias y pidamos al Se\u00f1or.<\/p>\n\n\n\n<p class=\"wp-block-paragraph\">Hacemos un llamamiento a todos nuestros hermanos y fieles y devotos de la Hermana Cristina para asistan a estas celebraciones y compartan con todos su deseo de verla pronto en los altares.<\/p>\n\n\n\n<p class=\"wp-block-paragraph\">\u00a1Hermana Mar\u00eda Cristina de Jes\u00fas Sacramentado!<\/p>\n\n\n\n<figure class=\"wp-block-image size-full\"><img loading=\"lazy\" decoding=\"async\" width=\"960\" height=\"700\" src=\"https:\/\/misericordiadesanfernando.com\/wp-content\/uploads\/2026\/08\/13.jpg\" alt=\"\" class=\"wp-image-6799\" srcset=\"https:\/\/misericordiadesanfernando.com\/wp-content\/uploads\/2026\/08\/13.jpg 960w, https:\/\/misericordiadesanfernando.com\/wp-content\/uploads\/2026\/08\/13-300x219.jpg 300w, https:\/\/misericordiadesanfernando.com\/wp-content\/uploads\/2026\/08\/13-768x560.jpg 768w\" sizes=\"auto, (max-width: 960px) 100vw, 960px\" \/><\/figure>\n","protected":false},"excerpt":{"rendered":"<p>El pr\u00f3ximo lunes ser\u00e1 24 de agosto; se celebrar\u00e1 a las 08:00 horas, la Santa Eucarist\u00eda con nuestras Madres en el Monasterio de la Stma. Trinidad y a las 20:30&hellip;<\/p>\n","protected":false},"author":3,"featured_media":0,"comment_status":"closed","ping_status":"closed","sticky":false,"template":"","format":"standard","meta":{"footnotes":""},"categories":[39],"tags":[],"class_list":["post-6798","post","type-post","status-publish","format-standard","hentry","category-actualidad"],"_links":{"self":[{"href":"https:\/\/misericordiadesanfernando.com\/index.php\/wp-json\/wp\/v2\/posts\/6798","targetHints":{"allow":["GET"]}}],"collection":[{"href":"https:\/\/misericordiadesanfernando.com\/index.php\/wp-json\/wp\/v2\/posts"}],"about":[{"href":"https:\/\/misericordiadesanfernando.com\/index.php\/wp-json\/wp\/v2\/types\/post"}],"author":[{"embeddable":true,"href":"https:\/\/misericordiadesanfernando.com\/index.php\/wp-json\/wp\/v2\/users\/3"}],"replies":[{"embeddable":true,"href":"https:\/\/misericordiadesanfernando.com\/index.php\/wp-json\/wp\/v2\/comments?post=6798"}],"version-history":[{"count":1,"href":"https:\/\/misericordiadesanfernando.com\/index.php\/wp-json\/wp\/v2\/posts\/6798\/revisions"}],"predecessor-version":[{"id":6800,"href":"https:\/\/misericordiadesanfernando.com\/index.php\/wp-json\/wp\/v2\/posts\/6798\/revisions\/6800"}],"wp:attachment":[{"href":"https:\/\/misericordiadesanfernando.com\/index.php\/wp-json\/wp\/v2\/media?parent=6798"}],"wp:term":[{"taxonomy":"category","embeddable":true,"href":"https:\/\/misericordiadesanfernando.com\/index.php\/wp-json\/wp\/v2\/categories?post=6798"},{"taxonomy":"post_tag","embeddable":true,"href":"https:\/\/misericordiadesanfernando.com\/index.php\/wp-json\/wp\/v2\/tags?post=6798"}],"curies":[{"name":"wp","href":"https:\/\/api.w.org\/{rel}","templated":true}]}}