{"id":6795,"date":"2026-08-24T10:41:13","date_gmt":"2026-08-24T08:41:13","guid":{"rendered":"https:\/\/misericordiadesanfernando.com\/?p=6795"},"modified":"2026-08-24T10:41:14","modified_gmt":"2026-08-24T08:41:14","slug":"sabias-que-el-padre-arenas-un-hombre-bueno-una-persona-fundamental-en-el-devenir-de-nuestra-historia","status":"publish","type":"post","link":"https:\/\/misericordiadesanfernando.com\/index.php\/2026\/08\/24\/sabias-que-el-padre-arenas-un-hombre-bueno-una-persona-fundamental-en-el-devenir-de-nuestra-historia\/","title":{"rendered":"\u00bfSAB\u00cdAS QUE\u2026? | El Padre Arenas, un hombre bueno, una persona fundamental en el devenir de nuestra historia"},"content":{"rendered":"\n<p class=\"wp-block-paragraph\">El  17 de agosto de 1984, fallec\u00eda el Rvdo. Padre D. Jos\u00e9 Mar\u00eda Arenas Gil, Hermano de Honor de nuestra Hermandad y una figura fundamental para comprender la historia reciente de la Iglesia de la Divina Pastora y de nuestra propia corporaci\u00f3n.<\/p>\n\n\n\n<p class=\"wp-block-paragraph\">Durante 26 a\u00f1os estuvo al frente de la Parroquia de la Divina Pastora, desarrollando una intensa labor pastoral y de apostolado que dej\u00f3 una profunda huella en el barrio. Durante aquellos a\u00f1os impuls\u00f3 la fundaci\u00f3n de tres cofrad\u00edas: las hermandades de penitencia del Ecce-Homo y de la Misericordia, as\u00ed como la Hermandad Profesional de Sanidad de San Cosme y San Dami\u00e1n. Igualmente, promovi\u00f3 importantes transformaciones en el interior del templo parroquial.<\/p>\n\n\n\n<p class=\"wp-block-paragraph\">Su estrecha vinculaci\u00f3n con la Misericordia y cuanto signific\u00f3 para nuestros primeros a\u00f1os llevaron a nuestra Hermandad a distinguirlo como Hermano de Honor en 1981.<\/p>\n\n\n\n<p class=\"wp-block-paragraph\">A\u00f1os despu\u00e9s, durante el mandato como Hermano Mayor de D. Jos\u00e9 Ponce Guerrero, su memoria qued\u00f3 perpetuada en una de las parcelas esenciales de nuestra corporaci\u00f3n con la creaci\u00f3n de la Bolsa de Caridad \u00abPadre Jos\u00e9 Mar\u00eda Arenas\u00bb, que contin\u00faa llevando su nombre y haciendo presente su legado a trav\u00e9s de la ayuda a quienes m\u00e1s lo necesitan.<\/p>\n\n\n\n<p class=\"wp-block-paragraph\">Hoy, 42 a\u00f1os despu\u00e9s de su fallecimiento, recordamos con gratitud a quien forma parte inseparable de nuestras ra\u00edces y de la historia de la Misericordia.<\/p>\n\n\n\n<p class=\"wp-block-paragraph\">Que Nuestro Padre Jes\u00fas de la Misericordia y Mar\u00eda Sant\u00edsima de la Piedad lo tengan para siempre en su presencia.<\/p>\n\n\n\n<figure class=\"wp-block-image size-large\"><img loading=\"lazy\" decoding=\"async\" width=\"1024\" height=\"664\" src=\"https:\/\/misericordiadesanfernando.com\/wp-content\/uploads\/2026\/08\/12-1024x664.jpg\" alt=\"\" class=\"wp-image-6796\" srcset=\"https:\/\/misericordiadesanfernando.com\/wp-content\/uploads\/2026\/08\/12-1024x664.jpg 1024w, https:\/\/misericordiadesanfernando.com\/wp-content\/uploads\/2026\/08\/12-300x195.jpg 300w, https:\/\/misericordiadesanfernando.com\/wp-content\/uploads\/2026\/08\/12-768x498.jpg 768w, https:\/\/misericordiadesanfernando.com\/wp-content\/uploads\/2026\/08\/12-1536x996.jpg 1536w, https:\/\/misericordiadesanfernando.com\/wp-content\/uploads\/2026\/08\/12.jpg 1560w\" sizes=\"auto, (max-width: 1024px) 100vw, 1024px\" \/><\/figure>\n","protected":false},"excerpt":{"rendered":"<p>El 17 de agosto de 1984, fallec\u00eda el Rvdo. Padre D. Jos\u00e9 Mar\u00eda Arenas Gil, Hermano de Honor de nuestra Hermandad y una figura fundamental para comprender la historia reciente&hellip;<\/p>\n","protected":false},"author":3,"featured_media":0,"comment_status":"closed","ping_status":"closed","sticky":false,"template":"","format":"standard","meta":{"footnotes":""},"categories":[39],"tags":[],"class_list":["post-6795","post","type-post","status-publish","format-standard","hentry","category-actualidad"],"_links":{"self":[{"href":"https:\/\/misericordiadesanfernando.com\/index.php\/wp-json\/wp\/v2\/posts\/6795","targetHints":{"allow":["GET"]}}],"collection":[{"href":"https:\/\/misericordiadesanfernando.com\/index.php\/wp-json\/wp\/v2\/posts"}],"about":[{"href":"https:\/\/misericordiadesanfernando.com\/index.php\/wp-json\/wp\/v2\/types\/post"}],"author":[{"embeddable":true,"href":"https:\/\/misericordiadesanfernando.com\/index.php\/wp-json\/wp\/v2\/users\/3"}],"replies":[{"embeddable":true,"href":"https:\/\/misericordiadesanfernando.com\/index.php\/wp-json\/wp\/v2\/comments?post=6795"}],"version-history":[{"count":1,"href":"https:\/\/misericordiadesanfernando.com\/index.php\/wp-json\/wp\/v2\/posts\/6795\/revisions"}],"predecessor-version":[{"id":6797,"href":"https:\/\/misericordiadesanfernando.com\/index.php\/wp-json\/wp\/v2\/posts\/6795\/revisions\/6797"}],"wp:attachment":[{"href":"https:\/\/misericordiadesanfernando.com\/index.php\/wp-json\/wp\/v2\/media?parent=6795"}],"wp:term":[{"taxonomy":"category","embeddable":true,"href":"https:\/\/misericordiadesanfernando.com\/index.php\/wp-json\/wp\/v2\/categories?post=6795"},{"taxonomy":"post_tag","embeddable":true,"href":"https:\/\/misericordiadesanfernando.com\/index.php\/wp-json\/wp\/v2\/tags?post=6795"}],"curies":[{"name":"wp","href":"https:\/\/api.w.org\/{rel}","templated":true}]}}