{"id":6749,"date":"2026-08-15T09:30:46","date_gmt":"2026-08-15T07:30:46","guid":{"rendered":"https:\/\/misericordiadesanfernando.com\/?p=6749"},"modified":"2026-08-15T09:30:48","modified_gmt":"2026-08-15T07:30:48","slug":"obituario-5","status":"publish","type":"post","link":"https:\/\/misericordiadesanfernando.com\/index.php\/2026\/08\/15\/obituario-5\/","title":{"rendered":"OBITUARIO |"},"content":{"rendered":"\n<p class=\"wp-block-paragraph\">En el d\u00eda de hoy hemos recibido la triste noticia del fallecimiento de (\u271e) Don Francisco P\u00e1ez Moreno (\u271e), el cual goza ya de la compa\u00f1\u00eda del Alt\u00edsimo, creencia que persigue nuestra fe y que debe ser el b\u00e1lsamo que consuele a la familia ante su p\u00e9rdida.<\/p>\n\n\n\n<p class=\"wp-block-paragraph\">Desde la Junta de Gobierno y en nombre de todos los Hermanos, queremos transmitir nuestro m\u00e1s sentido p\u00e9same a todos sus familiares y allegados por su p\u00e9rdida, mostrando todo nuestro apoyo en estos momentos dif\u00edciles.<\/p>\n\n\n\n<p class=\"wp-block-paragraph\">Que Nuestro Padre Jes\u00fas de la Misericordia y Mar\u00eda Sant\u00edsima de la Piedad lo acojan en su Santa gloria.<\/p>\n\n\n\n<p class=\"wp-block-paragraph\">Dale, Se\u00f1or el descanso eterno. Brille para Don Francisco P\u00e1ez Moreno la Luz perpetua.<\/p>\n\n\n\n<p class=\"wp-block-paragraph\">(\u271e) Descanse en Paz. (\u271e)<\/p>\n\n\n\n<figure class=\"wp-block-image size-full\"><img loading=\"lazy\" decoding=\"async\" width=\"800\" height=\"800\" src=\"https:\/\/misericordiadesanfernando.com\/wp-content\/uploads\/2026\/08\/IMG_6275.jpeg\" alt=\"\" class=\"wp-image-6750\" srcset=\"https:\/\/misericordiadesanfernando.com\/wp-content\/uploads\/2026\/08\/IMG_6275.jpeg 800w, https:\/\/misericordiadesanfernando.com\/wp-content\/uploads\/2026\/08\/IMG_6275-300x300.jpeg 300w, https:\/\/misericordiadesanfernando.com\/wp-content\/uploads\/2026\/08\/IMG_6275-150x150.jpeg 150w, https:\/\/misericordiadesanfernando.com\/wp-content\/uploads\/2026\/08\/IMG_6275-768x768.jpeg 768w\" sizes=\"auto, (max-width: 800px) 100vw, 800px\" \/><\/figure>\n","protected":false},"excerpt":{"rendered":"<p>En el d\u00eda de hoy hemos recibido la triste noticia del fallecimiento de (\u271e) Don Francisco P\u00e1ez Moreno (\u271e), el cual goza ya de la compa\u00f1\u00eda del Alt\u00edsimo, creencia que&hellip;<\/p>\n","protected":false},"author":3,"featured_media":0,"comment_status":"closed","ping_status":"closed","sticky":false,"template":"","format":"standard","meta":{"footnotes":""},"categories":[39],"tags":[],"class_list":["post-6749","post","type-post","status-publish","format-standard","hentry","category-actualidad"],"_links":{"self":[{"href":"https:\/\/misericordiadesanfernando.com\/index.php\/wp-json\/wp\/v2\/posts\/6749","targetHints":{"allow":["GET"]}}],"collection":[{"href":"https:\/\/misericordiadesanfernando.com\/index.php\/wp-json\/wp\/v2\/posts"}],"about":[{"href":"https:\/\/misericordiadesanfernando.com\/index.php\/wp-json\/wp\/v2\/types\/post"}],"author":[{"embeddable":true,"href":"https:\/\/misericordiadesanfernando.com\/index.php\/wp-json\/wp\/v2\/users\/3"}],"replies":[{"embeddable":true,"href":"https:\/\/misericordiadesanfernando.com\/index.php\/wp-json\/wp\/v2\/comments?post=6749"}],"version-history":[{"count":1,"href":"https:\/\/misericordiadesanfernando.com\/index.php\/wp-json\/wp\/v2\/posts\/6749\/revisions"}],"predecessor-version":[{"id":6751,"href":"https:\/\/misericordiadesanfernando.com\/index.php\/wp-json\/wp\/v2\/posts\/6749\/revisions\/6751"}],"wp:attachment":[{"href":"https:\/\/misericordiadesanfernando.com\/index.php\/wp-json\/wp\/v2\/media?parent=6749"}],"wp:term":[{"taxonomy":"category","embeddable":true,"href":"https:\/\/misericordiadesanfernando.com\/index.php\/wp-json\/wp\/v2\/categories?post=6749"},{"taxonomy":"post_tag","embeddable":true,"href":"https:\/\/misericordiadesanfernando.com\/index.php\/wp-json\/wp\/v2\/tags?post=6749"}],"curies":[{"name":"wp","href":"https:\/\/api.w.org\/{rel}","templated":true}]}}