{"id":6747,"date":"2026-08-15T09:16:46","date_gmt":"2026-08-15T07:16:46","guid":{"rendered":"https:\/\/misericordiadesanfernando.com\/?p=6747"},"modified":"2026-08-15T09:16:47","modified_gmt":"2026-08-15T07:16:47","slug":"aula-de-formacion-daniel-nieto-vazquez-formacion-online-5","status":"publish","type":"post","link":"https:\/\/misericordiadesanfernando.com\/index.php\/2026\/08\/15\/aula-de-formacion-daniel-nieto-vazquez-formacion-online-5\/","title":{"rendered":"AULA DE FORMACI\u00d3N \u201cDaniel Nieto V\u00e1zquez\u201d | Formaci\u00f3n Online"},"content":{"rendered":"\n<p class=\"wp-block-paragraph\"><strong>15 DE AGOSTO | SOLEMNIDAD DE LA ASUNCI\u00d3N DE LA VIRGEN MAR\u00cdA<\/strong><\/p>\n\n\n\n<p class=\"wp-block-paragraph\">Cada 15 de agosto, la Iglesia celebra una de las grandes solemnidades dedicadas a la Sant\u00edsima Virgen:&nbsp;<strong>la Asunci\u00f3n de Mar\u00eda al Cielo<\/strong>.<\/p>\n\n\n\n<p class=\"wp-block-paragraph\">Pero, \u00bfqu\u00e9 celebramos realmente?<\/p>\n\n\n\n<p class=\"wp-block-paragraph\">La fe de la Iglesia nos ense\u00f1a que la Virgen Mar\u00eda, al t\u00e9rmino de su vida terrena,&nbsp;<strong>fue llevada en cuerpo y alma a la gloria del Cielo<\/strong>. Aquella que acogi\u00f3 en su seno al Hijo de Dios y permaneci\u00f3 fiel junto a \u00c9l hasta la Cruz participa plenamente de la victoria de Cristo sobre el pecado y la muerte.<\/p>\n\n\n\n<p class=\"wp-block-paragraph\">Esta verdad de fe, profundamente arraigada desde los primeros siglos del cristianismo, fue proclamada solemnemente como dogma por el papa P\u00edo XII el&nbsp;<strong>1 de noviembre de 1950<\/strong>, mediante la constituci\u00f3n apost\u00f3lica&nbsp;<em>Munificentissimus Deus<\/em>.<\/p>\n\n\n\n<p class=\"wp-block-paragraph\">La Asunci\u00f3n no significa que Mar\u00eda ascendiera al Cielo por su propio poder.&nbsp;<strong>Cristo asciende; Mar\u00eda es asunta.<\/strong>&nbsp;Es Dios quien la eleva y glorifica. Una diferencia que nos ayuda a comprender que todo en Mar\u00eda es gracia, respuesta y entrega a la voluntad del Padre.<\/p>\n\n\n\n<p class=\"wp-block-paragraph\"><strong>\u00bfQu\u00e9 nos ense\u00f1a la Asunci\u00f3n?<\/strong><\/p>\n\n\n\n<p class=\"wp-block-paragraph\">La solemnidad del 15 de agosto no nos invita solamente a contemplar la gloria de Mar\u00eda. Tambi\u00e9n dirige nuestra mirada hacia nuestro propio destino.<\/p>\n\n\n\n<p class=\"wp-block-paragraph\">En Ella contemplamos anticipadamente aquello a lo que estamos llamados:&nbsp;<strong>la vida eterna y la resurrecci\u00f3n<\/strong>. Mar\u00eda es signo de esperanza para el pueblo cristiano que camina todav\u00eda en la tierra.<\/p>\n\n\n\n<p class=\"wp-block-paragraph\">Su Asunci\u00f3n proclama que la muerte no tiene la \u00faltima palabra; que nuestra existencia no termina aqu\u00ed y que Dios ha preparado para sus hijos una vida en plenitud.<\/p>\n\n\n\n<p class=\"wp-block-paragraph\">Por eso, mirar a Mar\u00eda elevada al Cielo es tambi\u00e9n&nbsp;<strong>aprender a mirar hacia arriba sin dejar de caminar por la tierra<\/strong>.<\/p>\n\n\n\n<p class=\"wp-block-paragraph\">Ella conoci\u00f3 la sencillez de Nazaret, la incertidumbre, el servicio, el dolor de una Madre junto a la Cruz y la fidelidad silenciosa. Y precisamente esa vida entregada a Dios encuentra ahora su plenitud en la gloria.<\/p>\n\n\n\n<p class=\"wp-block-paragraph\"><strong>El 15 de agosto, una fiesta profundamente mariana<\/strong><\/p>\n\n\n\n<p class=\"wp-block-paragraph\">En numerosos pueblos y ciudades de Espa\u00f1a, esta solemnidad est\u00e1 especialmente arraigada y muchas advocaciones de la Sant\u00edsima Virgen celebran en esta jornada sus cultos y procesiones.<\/p>\n\n\n\n<p class=\"wp-block-paragraph\">Bajo distintos nombres y advocaciones,&nbsp;<strong>es siempre Mar\u00eda quien nos conduce hasta Cristo<\/strong>.<\/p>\n\n\n\n<p class=\"wp-block-paragraph\">Este 15 de agosto, al celebrar su Asunci\u00f3n, pid\u00e1mosle que tambi\u00e9n nosotros sepamos pronunciar cada d\u00eda nuestro propio \u00abs\u00ed\u00bb a Dios.<\/p>\n\n\n\n<p class=\"wp-block-paragraph\">Porque Mar\u00eda, elevada al Cielo,&nbsp;<strong>sigue siendo Madre cercana de quienes todav\u00eda caminamos en la tierra<\/strong>.<\/p>\n\n\n\n<p class=\"wp-block-paragraph\"><strong>Santa Mar\u00eda, asunta al Cielo, ruega por nosotros.<\/strong><\/p>\n\n\n\n<p class=\"wp-block-paragraph\">-VOCAL\u00cdA DE FORMACI\u00d3N Y LITURGIA\u201d<\/p>\n\n\n\n<p class=\"wp-block-paragraph\"><\/p>\n","protected":false},"excerpt":{"rendered":"<p>15 DE AGOSTO | SOLEMNIDAD DE LA ASUNCI\u00d3N DE LA VIRGEN MAR\u00cdA Cada 15 de agosto, la Iglesia celebra una de las grandes solemnidades dedicadas a la Sant\u00edsima Virgen:&nbsp;la Asunci\u00f3n&hellip;<\/p>\n","protected":false},"author":3,"featured_media":0,"comment_status":"closed","ping_status":"closed","sticky":false,"template":"","format":"standard","meta":{"footnotes":""},"categories":[39],"tags":[],"class_list":["post-6747","post","type-post","status-publish","format-standard","hentry","category-actualidad"],"_links":{"self":[{"href":"https:\/\/misericordiadesanfernando.com\/index.php\/wp-json\/wp\/v2\/posts\/6747","targetHints":{"allow":["GET"]}}],"collection":[{"href":"https:\/\/misericordiadesanfernando.com\/index.php\/wp-json\/wp\/v2\/posts"}],"about":[{"href":"https:\/\/misericordiadesanfernando.com\/index.php\/wp-json\/wp\/v2\/types\/post"}],"author":[{"embeddable":true,"href":"https:\/\/misericordiadesanfernando.com\/index.php\/wp-json\/wp\/v2\/users\/3"}],"replies":[{"embeddable":true,"href":"https:\/\/misericordiadesanfernando.com\/index.php\/wp-json\/wp\/v2\/comments?post=6747"}],"version-history":[{"count":1,"href":"https:\/\/misericordiadesanfernando.com\/index.php\/wp-json\/wp\/v2\/posts\/6747\/revisions"}],"predecessor-version":[{"id":6748,"href":"https:\/\/misericordiadesanfernando.com\/index.php\/wp-json\/wp\/v2\/posts\/6747\/revisions\/6748"}],"wp:attachment":[{"href":"https:\/\/misericordiadesanfernando.com\/index.php\/wp-json\/wp\/v2\/media?parent=6747"}],"wp:term":[{"taxonomy":"category","embeddable":true,"href":"https:\/\/misericordiadesanfernando.com\/index.php\/wp-json\/wp\/v2\/categories?post=6747"},{"taxonomy":"post_tag","embeddable":true,"href":"https:\/\/misericordiadesanfernando.com\/index.php\/wp-json\/wp\/v2\/tags?post=6747"}],"curies":[{"name":"wp","href":"https:\/\/api.w.org\/{rel}","templated":true}]}}