{"id":6744,"date":"2026-08-15T09:15:45","date_gmt":"2026-08-15T07:15:45","guid":{"rendered":"https:\/\/misericordiadesanfernando.com\/?p=6744"},"modified":"2026-08-15T09:15:46","modified_gmt":"2026-08-15T07:15:46","slug":"festividad-de-la-asuncion-de-la-stma-virgen-vida-de-hermandad","status":"publish","type":"post","link":"https:\/\/misericordiadesanfernando.com\/index.php\/2026\/08\/15\/festividad-de-la-asuncion-de-la-stma-virgen-vida-de-hermandad\/","title":{"rendered":"FESTIVIDAD DE LA ASUNCION DE LA STMA. VIRGEN | Vida de Hermandad"},"content":{"rendered":"\n<p class=\"wp-block-paragraph\">Celebramos con j\u00fabilo el d\u00eda de hoy, festividad de la Asunci\u00f3n de la Stma. Virgen, en nuestro Barrio y Parroquia, donde la Titular, la Divina Pastora celebra su fiesta grande. Los cofrades de la Misericordia lo hacemos de una manera muy especial dada nuestra vinculaci\u00f3n y cercan\u00eda con la Pastora Isle\u00f1a.<\/p>\n\n\n\n<p class=\"wp-block-paragraph\">Felicidades a los hermanos pastore\u00f1os y a los vecinos de nuestro barrio.<\/p>\n\n\n\n<figure class=\"wp-block-image size-large\"><img loading=\"lazy\" decoding=\"async\" width=\"819\" height=\"1024\" src=\"https:\/\/misericordiadesanfernando.com\/wp-content\/uploads\/2026\/08\/c4654c36-f09c-44be-a094-2ceff3d6cdba-819x1024.jpeg\" alt=\"\" class=\"wp-image-6745\" srcset=\"https:\/\/misericordiadesanfernando.com\/wp-content\/uploads\/2026\/08\/c4654c36-f09c-44be-a094-2ceff3d6cdba-819x1024.jpeg 819w, https:\/\/misericordiadesanfernando.com\/wp-content\/uploads\/2026\/08\/c4654c36-f09c-44be-a094-2ceff3d6cdba-240x300.jpeg 240w, https:\/\/misericordiadesanfernando.com\/wp-content\/uploads\/2026\/08\/c4654c36-f09c-44be-a094-2ceff3d6cdba-768x960.jpeg 768w, https:\/\/misericordiadesanfernando.com\/wp-content\/uploads\/2026\/08\/c4654c36-f09c-44be-a094-2ceff3d6cdba-1229x1536.jpeg 1229w, https:\/\/misericordiadesanfernando.com\/wp-content\/uploads\/2026\/08\/c4654c36-f09c-44be-a094-2ceff3d6cdba.jpeg 1638w\" sizes=\"auto, (max-width: 819px) 100vw, 819px\" \/><\/figure>\n","protected":false},"excerpt":{"rendered":"<p>Celebramos con j\u00fabilo el d\u00eda de hoy, festividad de la Asunci\u00f3n de la Stma. Virgen, en nuestro Barrio y Parroquia, donde la Titular, la Divina Pastora celebra su fiesta grande.&hellip;<\/p>\n","protected":false},"author":3,"featured_media":0,"comment_status":"closed","ping_status":"closed","sticky":false,"template":"","format":"standard","meta":{"footnotes":""},"categories":[39],"tags":[],"class_list":["post-6744","post","type-post","status-publish","format-standard","hentry","category-actualidad"],"_links":{"self":[{"href":"https:\/\/misericordiadesanfernando.com\/index.php\/wp-json\/wp\/v2\/posts\/6744","targetHints":{"allow":["GET"]}}],"collection":[{"href":"https:\/\/misericordiadesanfernando.com\/index.php\/wp-json\/wp\/v2\/posts"}],"about":[{"href":"https:\/\/misericordiadesanfernando.com\/index.php\/wp-json\/wp\/v2\/types\/post"}],"author":[{"embeddable":true,"href":"https:\/\/misericordiadesanfernando.com\/index.php\/wp-json\/wp\/v2\/users\/3"}],"replies":[{"embeddable":true,"href":"https:\/\/misericordiadesanfernando.com\/index.php\/wp-json\/wp\/v2\/comments?post=6744"}],"version-history":[{"count":1,"href":"https:\/\/misericordiadesanfernando.com\/index.php\/wp-json\/wp\/v2\/posts\/6744\/revisions"}],"predecessor-version":[{"id":6746,"href":"https:\/\/misericordiadesanfernando.com\/index.php\/wp-json\/wp\/v2\/posts\/6744\/revisions\/6746"}],"wp:attachment":[{"href":"https:\/\/misericordiadesanfernando.com\/index.php\/wp-json\/wp\/v2\/media?parent=6744"}],"wp:term":[{"taxonomy":"category","embeddable":true,"href":"https:\/\/misericordiadesanfernando.com\/index.php\/wp-json\/wp\/v2\/categories?post=6744"},{"taxonomy":"post_tag","embeddable":true,"href":"https:\/\/misericordiadesanfernando.com\/index.php\/wp-json\/wp\/v2\/tags?post=6744"}],"curies":[{"name":"wp","href":"https:\/\/api.w.org\/{rel}","templated":true}]}}