{"id":6741,"date":"2026-08-11T09:32:42","date_gmt":"2026-08-11T07:32:42","guid":{"rendered":"https:\/\/misericordiadesanfernando.com\/?p=6741"},"modified":"2026-08-11T09:32:43","modified_gmt":"2026-08-11T07:32:43","slug":"sabias-que-la-piedad-presente-en-medjugorje","status":"publish","type":"post","link":"https:\/\/misericordiadesanfernando.com\/index.php\/2026\/08\/11\/sabias-que-la-piedad-presente-en-medjugorje\/","title":{"rendered":"\u00bfSAB\u00cdAS QUE\u2026? | La Piedad, presente en Medjugorje"},"content":{"rendered":"\n<p class=\"wp-block-paragraph\">Dos hermanos de nuestra Hermandad han peregrinado recientemente hasta Medjugorje, llevando consigo un rosario de Mar\u00eda Sant\u00edsima de la Piedad y haciendo as\u00ed presente a nuestra Titular en este lugar de profunda devoci\u00f3n mariana.<\/p>\n\n\n\n<p class=\"wp-block-paragraph\">Ante la Virgen, Reina de la Paz, elevaron sus oraciones teniendo muy presente a nuestra Hermandad de la Misericordia, a sus hermanos y devotos, poniendo sus intenciones bajo la protecci\u00f3n maternal de Mar\u00eda.<\/p>\n\n\n\n<p class=\"wp-block-paragraph\">Un sencillo gesto que habla del profundo amor a la Sant\u00edsima Virgen y del sentimiento de pertenencia a una Hermandad que tambi\u00e9n se lleva consigo cuando se est\u00e1 lejos de casa.<\/p>\n\n\n\n<p class=\"wp-block-paragraph\">Desde Medjugorje hasta la Pastora, una misma devoci\u00f3n a Mar\u00eda y un rosario de la Piedad como testimonio de fe, cari\u00f1o y compromiso con nuestra Hermandad.<\/p>\n\n\n\n<figure class=\"wp-block-image size-large\"><img loading=\"lazy\" decoding=\"async\" width=\"626\" height=\"1024\" src=\"https:\/\/misericordiadesanfernando.com\/wp-content\/uploads\/2026\/08\/08747253-6027-4b23-8fad-369e2c21d185-626x1024.jpeg\" alt=\"\" class=\"wp-image-6742\" srcset=\"https:\/\/misericordiadesanfernando.com\/wp-content\/uploads\/2026\/08\/08747253-6027-4b23-8fad-369e2c21d185-626x1024.jpeg 626w, https:\/\/misericordiadesanfernando.com\/wp-content\/uploads\/2026\/08\/08747253-6027-4b23-8fad-369e2c21d185-183x300.jpeg 183w, https:\/\/misericordiadesanfernando.com\/wp-content\/uploads\/2026\/08\/08747253-6027-4b23-8fad-369e2c21d185-768x1256.jpeg 768w, https:\/\/misericordiadesanfernando.com\/wp-content\/uploads\/2026\/08\/08747253-6027-4b23-8fad-369e2c21d185.jpeg 846w\" sizes=\"auto, (max-width: 626px) 100vw, 626px\" \/><\/figure>\n","protected":false},"excerpt":{"rendered":"<p>Dos hermanos de nuestra Hermandad han peregrinado recientemente hasta Medjugorje, llevando consigo un rosario de Mar\u00eda Sant\u00edsima de la Piedad y haciendo as\u00ed presente a nuestra Titular en este lugar&hellip;<\/p>\n","protected":false},"author":3,"featured_media":0,"comment_status":"closed","ping_status":"closed","sticky":false,"template":"","format":"standard","meta":{"footnotes":""},"categories":[39],"tags":[],"class_list":["post-6741","post","type-post","status-publish","format-standard","hentry","category-actualidad"],"_links":{"self":[{"href":"https:\/\/misericordiadesanfernando.com\/index.php\/wp-json\/wp\/v2\/posts\/6741","targetHints":{"allow":["GET"]}}],"collection":[{"href":"https:\/\/misericordiadesanfernando.com\/index.php\/wp-json\/wp\/v2\/posts"}],"about":[{"href":"https:\/\/misericordiadesanfernando.com\/index.php\/wp-json\/wp\/v2\/types\/post"}],"author":[{"embeddable":true,"href":"https:\/\/misericordiadesanfernando.com\/index.php\/wp-json\/wp\/v2\/users\/3"}],"replies":[{"embeddable":true,"href":"https:\/\/misericordiadesanfernando.com\/index.php\/wp-json\/wp\/v2\/comments?post=6741"}],"version-history":[{"count":1,"href":"https:\/\/misericordiadesanfernando.com\/index.php\/wp-json\/wp\/v2\/posts\/6741\/revisions"}],"predecessor-version":[{"id":6743,"href":"https:\/\/misericordiadesanfernando.com\/index.php\/wp-json\/wp\/v2\/posts\/6741\/revisions\/6743"}],"wp:attachment":[{"href":"https:\/\/misericordiadesanfernando.com\/index.php\/wp-json\/wp\/v2\/media?parent=6741"}],"wp:term":[{"taxonomy":"category","embeddable":true,"href":"https:\/\/misericordiadesanfernando.com\/index.php\/wp-json\/wp\/v2\/categories?post=6741"},{"taxonomy":"post_tag","embeddable":true,"href":"https:\/\/misericordiadesanfernando.com\/index.php\/wp-json\/wp\/v2\/tags?post=6741"}],"curies":[{"name":"wp","href":"https:\/\/api.w.org\/{rel}","templated":true}]}}