{"id":6738,"date":"2026-08-11T09:27:20","date_gmt":"2026-08-11T07:27:20","guid":{"rendered":"https:\/\/misericordiadesanfernando.com\/?p=6738"},"modified":"2026-08-11T09:27:22","modified_gmt":"2026-08-11T07:27:22","slug":"llamamiento-a-nuestros-hermanos-para-acompanar-a-la-divina-pastora-en-su-procesion-15-de-agosto","status":"publish","type":"post","link":"https:\/\/misericordiadesanfernando.com\/index.php\/2026\/08\/11\/llamamiento-a-nuestros-hermanos-para-acompanar-a-la-divina-pastora-en-su-procesion-15-de-agosto\/","title":{"rendered":"LLAMAMIENTO A NUESTROS HERMANOS PARA ACOMPA\u00d1AR A LA DIVINA PASTORA EN SU PROCESI\u00d3N | 15 de agosto"},"content":{"rendered":"\n<p class=\"wp-block-paragraph\">Desde la Junta de Gobierno queremos invitar a participar a todos los hermanos de la Misericordia en la procesi\u00f3n de alabanzas y gloria que tendr\u00e1 lugar el pr\u00f3ximo s\u00e1bado, 15 de agosto, con la Divina Pastora de las Almas Coronada.<\/p>\n\n\n\n<p class=\"wp-block-paragraph\">Todo aquel hermano que quiera participar en el cortejo corporativamente con nuestra hermandad deber\u00e1 estar en la Iglesia de la Pastora a las 19:40 horas.<\/p>\n\n\n\n<figure class=\"wp-block-image size-large\"><img loading=\"lazy\" decoding=\"async\" width=\"724\" height=\"1024\" src=\"https:\/\/misericordiadesanfernando.com\/wp-content\/uploads\/2026\/08\/IMG_6158-724x1024.jpeg\" alt=\"\" class=\"wp-image-6739\" srcset=\"https:\/\/misericordiadesanfernando.com\/wp-content\/uploads\/2026\/08\/IMG_6158-724x1024.jpeg 724w, https:\/\/misericordiadesanfernando.com\/wp-content\/uploads\/2026\/08\/IMG_6158-212x300.jpeg 212w, https:\/\/misericordiadesanfernando.com\/wp-content\/uploads\/2026\/08\/IMG_6158-768x1086.jpeg 768w, https:\/\/misericordiadesanfernando.com\/wp-content\/uploads\/2026\/08\/IMG_6158-1086x1536.jpeg 1086w, https:\/\/misericordiadesanfernando.com\/wp-content\/uploads\/2026\/08\/IMG_6158.jpeg 1448w\" sizes=\"auto, (max-width: 724px) 100vw, 724px\" \/><\/figure>\n","protected":false},"excerpt":{"rendered":"<p>Desde la Junta de Gobierno queremos invitar a participar a todos los hermanos de la Misericordia en la procesi\u00f3n de alabanzas y gloria que tendr\u00e1 lugar el pr\u00f3ximo s\u00e1bado, 15&hellip;<\/p>\n","protected":false},"author":3,"featured_media":0,"comment_status":"closed","ping_status":"closed","sticky":false,"template":"","format":"standard","meta":{"footnotes":""},"categories":[39],"tags":[],"class_list":["post-6738","post","type-post","status-publish","format-standard","hentry","category-actualidad"],"_links":{"self":[{"href":"https:\/\/misericordiadesanfernando.com\/index.php\/wp-json\/wp\/v2\/posts\/6738","targetHints":{"allow":["GET"]}}],"collection":[{"href":"https:\/\/misericordiadesanfernando.com\/index.php\/wp-json\/wp\/v2\/posts"}],"about":[{"href":"https:\/\/misericordiadesanfernando.com\/index.php\/wp-json\/wp\/v2\/types\/post"}],"author":[{"embeddable":true,"href":"https:\/\/misericordiadesanfernando.com\/index.php\/wp-json\/wp\/v2\/users\/3"}],"replies":[{"embeddable":true,"href":"https:\/\/misericordiadesanfernando.com\/index.php\/wp-json\/wp\/v2\/comments?post=6738"}],"version-history":[{"count":1,"href":"https:\/\/misericordiadesanfernando.com\/index.php\/wp-json\/wp\/v2\/posts\/6738\/revisions"}],"predecessor-version":[{"id":6740,"href":"https:\/\/misericordiadesanfernando.com\/index.php\/wp-json\/wp\/v2\/posts\/6738\/revisions\/6740"}],"wp:attachment":[{"href":"https:\/\/misericordiadesanfernando.com\/index.php\/wp-json\/wp\/v2\/media?parent=6738"}],"wp:term":[{"taxonomy":"category","embeddable":true,"href":"https:\/\/misericordiadesanfernando.com\/index.php\/wp-json\/wp\/v2\/categories?post=6738"},{"taxonomy":"post_tag","embeddable":true,"href":"https:\/\/misericordiadesanfernando.com\/index.php\/wp-json\/wp\/v2\/tags?post=6738"}],"curies":[{"name":"wp","href":"https:\/\/api.w.org\/{rel}","templated":true}]}}