{"id":6735,"date":"2026-08-11T09:26:24","date_gmt":"2026-08-11T07:26:24","guid":{"rendered":"https:\/\/misericordiadesanfernando.com\/?p=6735"},"modified":"2026-08-11T09:26:25","modified_gmt":"2026-08-11T07:26:25","slug":"la-hermandad-de-la-misericordia-lanza-una-campana-de-ayuda-escolar-para-familias-en-situacion-de-necesidad-accion-social","status":"publish","type":"post","link":"https:\/\/misericordiadesanfernando.com\/index.php\/2026\/08\/11\/la-hermandad-de-la-misericordia-lanza-una-campana-de-ayuda-escolar-para-familias-en-situacion-de-necesidad-accion-social\/","title":{"rendered":"LA HERMANDAD DE LA MISERICORDIA LANZA UNA CAMPA\u00d1A DE AYUDA ESCOLAR PARA FAMILIAS EN SITUACI\u00d3N DE NECESIDAD | Acci\u00f3n Social"},"content":{"rendered":"\n<p class=\"wp-block-paragraph\">La Hermandad de la Misericordia quiere hacer un especial llamamiento a sus hermanos y hermanas en estos d\u00edas previos al inicio escolar.<\/p>\n\n\n\n<p class=\"wp-block-paragraph\">Animamos encarecidamente a todas las familias que pertenezcan a la Misericordia y que est\u00e9n atravesando una situaci\u00f3n complicada, a que no duden en comunicar sus necesidades.<\/p>\n\n\n\n<p class=\"wp-block-paragraph\">Si alguno de nuestros hijos cursan estudios en las etapas de Infantil, Primaria o Secundaria y necesitan material escolar, la Hermandad est\u00e1 aqu\u00ed para tender la mano, como una verdadera familia en la fe.<\/p>\n\n\n\n<p class=\"wp-block-paragraph\">Las peticiones podr\u00e1n hacerse llegar hasta el pr\u00f3ximo 15 de agosto, contactando de forma privada con la Junta de Gobierno o respondiendo directamente al canal habitual de comunicaci\u00f3n de la Hermandad.<\/p>\n\n\n\n<p class=\"wp-block-paragraph\">Todas las solicitudes ser\u00e1n tratadas con absoluta discreci\u00f3n y anonimato, como corresponde a nuestro esp\u00edritu evang\u00e9lico y a los valores que nos inspiran.<\/p>\n\n\n\n<figure class=\"wp-block-image size-large\"><img loading=\"lazy\" decoding=\"async\" width=\"1024\" height=\"682\" src=\"https:\/\/misericordiadesanfernando.com\/wp-content\/uploads\/2026\/08\/IMG_6159-1024x682.jpeg\" alt=\"\" class=\"wp-image-6736\" srcset=\"https:\/\/misericordiadesanfernando.com\/wp-content\/uploads\/2026\/08\/IMG_6159-1024x682.jpeg 1024w, https:\/\/misericordiadesanfernando.com\/wp-content\/uploads\/2026\/08\/IMG_6159-300x200.jpeg 300w, https:\/\/misericordiadesanfernando.com\/wp-content\/uploads\/2026\/08\/IMG_6159-768x512.jpeg 768w, https:\/\/misericordiadesanfernando.com\/wp-content\/uploads\/2026\/08\/IMG_6159-1536x1023.jpeg 1536w, https:\/\/misericordiadesanfernando.com\/wp-content\/uploads\/2026\/08\/IMG_6159-150x100.jpeg 150w, https:\/\/misericordiadesanfernando.com\/wp-content\/uploads\/2026\/08\/IMG_6159.jpeg 2048w\" sizes=\"auto, (max-width: 1024px) 100vw, 1024px\" \/><\/figure>\n","protected":false},"excerpt":{"rendered":"<p>La Hermandad de la Misericordia quiere hacer un especial llamamiento a sus hermanos y hermanas en estos d\u00edas previos al inicio escolar. Animamos encarecidamente a todas las familias que pertenezcan&hellip;<\/p>\n","protected":false},"author":3,"featured_media":0,"comment_status":"closed","ping_status":"closed","sticky":false,"template":"","format":"standard","meta":{"footnotes":""},"categories":[39],"tags":[],"class_list":["post-6735","post","type-post","status-publish","format-standard","hentry","category-actualidad"],"_links":{"self":[{"href":"https:\/\/misericordiadesanfernando.com\/index.php\/wp-json\/wp\/v2\/posts\/6735","targetHints":{"allow":["GET"]}}],"collection":[{"href":"https:\/\/misericordiadesanfernando.com\/index.php\/wp-json\/wp\/v2\/posts"}],"about":[{"href":"https:\/\/misericordiadesanfernando.com\/index.php\/wp-json\/wp\/v2\/types\/post"}],"author":[{"embeddable":true,"href":"https:\/\/misericordiadesanfernando.com\/index.php\/wp-json\/wp\/v2\/users\/3"}],"replies":[{"embeddable":true,"href":"https:\/\/misericordiadesanfernando.com\/index.php\/wp-json\/wp\/v2\/comments?post=6735"}],"version-history":[{"count":1,"href":"https:\/\/misericordiadesanfernando.com\/index.php\/wp-json\/wp\/v2\/posts\/6735\/revisions"}],"predecessor-version":[{"id":6737,"href":"https:\/\/misericordiadesanfernando.com\/index.php\/wp-json\/wp\/v2\/posts\/6735\/revisions\/6737"}],"wp:attachment":[{"href":"https:\/\/misericordiadesanfernando.com\/index.php\/wp-json\/wp\/v2\/media?parent=6735"}],"wp:term":[{"taxonomy":"category","embeddable":true,"href":"https:\/\/misericordiadesanfernando.com\/index.php\/wp-json\/wp\/v2\/categories?post=6735"},{"taxonomy":"post_tag","embeddable":true,"href":"https:\/\/misericordiadesanfernando.com\/index.php\/wp-json\/wp\/v2\/tags?post=6735"}],"curies":[{"name":"wp","href":"https:\/\/api.w.org\/{rel}","templated":true}]}}