{"id":6620,"date":"2026-08-07T13:41:11","date_gmt":"2026-08-07T11:41:11","guid":{"rendered":"https:\/\/misericordiadesanfernando.com\/?p=6620"},"modified":"2026-08-07T13:41:11","modified_gmt":"2026-08-07T11:41:11","slug":"hoy-cultos-de-primer-viernes-mes-de-agosto","status":"publish","type":"post","link":"https:\/\/misericordiadesanfernando.com\/index.php\/2026\/08\/07\/hoy-cultos-de-primer-viernes-mes-de-agosto\/","title":{"rendered":"HOY, CULTOS DE PRIMER VIERNES | Mes de agosto"},"content":{"rendered":"\n<p class=\"wp-block-paragraph\">La Hermandad Sacramental de la Misericordia celebrar\u00e1 hoy 7 de agosto sus cultos sacramentales de primer viernes de mes, comenzando con el rezo de las v\u00edsperas a las 18:30 horas y la posterior eucarist\u00eda a las 19:00 horas.<\/p>\n\n\n\n<p class=\"wp-block-paragraph\">Hacemos un llamamiento a nuestros hermanos y fieles en general para compartir todos juntos la mesa del Se\u00f1or en esta jornada de viernes.<\/p>\n\n\n\n<figure class=\"wp-block-image size-large\"><img loading=\"lazy\" decoding=\"async\" width=\"724\" height=\"1024\" src=\"https:\/\/misericordiadesanfernando.com\/wp-content\/uploads\/2026\/08\/764834924_1589282112591812_2689402726596367807_n-1-724x1024.jpg\" alt=\"\" class=\"wp-image-6621\" srcset=\"https:\/\/misericordiadesanfernando.com\/wp-content\/uploads\/2026\/08\/764834924_1589282112591812_2689402726596367807_n-1-724x1024.jpg 724w, https:\/\/misericordiadesanfernando.com\/wp-content\/uploads\/2026\/08\/764834924_1589282112591812_2689402726596367807_n-1-212x300.jpg 212w, https:\/\/misericordiadesanfernando.com\/wp-content\/uploads\/2026\/08\/764834924_1589282112591812_2689402726596367807_n-1-768x1086.jpg 768w, https:\/\/misericordiadesanfernando.com\/wp-content\/uploads\/2026\/08\/764834924_1589282112591812_2689402726596367807_n-1-1086x1536.jpg 1086w, https:\/\/misericordiadesanfernando.com\/wp-content\/uploads\/2026\/08\/764834924_1589282112591812_2689402726596367807_n-1.jpg 1131w\" sizes=\"auto, (max-width: 724px) 100vw, 724px\" \/><\/figure>\n","protected":false},"excerpt":{"rendered":"<p>La Hermandad Sacramental de la Misericordia celebrar\u00e1 hoy 7 de agosto sus cultos sacramentales de primer viernes de mes, comenzando con el rezo de las v\u00edsperas a las 18:30 horas&hellip;<\/p>\n","protected":false},"author":3,"featured_media":0,"comment_status":"closed","ping_status":"closed","sticky":false,"template":"","format":"standard","meta":{"footnotes":""},"categories":[39],"tags":[],"class_list":["post-6620","post","type-post","status-publish","format-standard","hentry","category-actualidad"],"_links":{"self":[{"href":"https:\/\/misericordiadesanfernando.com\/index.php\/wp-json\/wp\/v2\/posts\/6620","targetHints":{"allow":["GET"]}}],"collection":[{"href":"https:\/\/misericordiadesanfernando.com\/index.php\/wp-json\/wp\/v2\/posts"}],"about":[{"href":"https:\/\/misericordiadesanfernando.com\/index.php\/wp-json\/wp\/v2\/types\/post"}],"author":[{"embeddable":true,"href":"https:\/\/misericordiadesanfernando.com\/index.php\/wp-json\/wp\/v2\/users\/3"}],"replies":[{"embeddable":true,"href":"https:\/\/misericordiadesanfernando.com\/index.php\/wp-json\/wp\/v2\/comments?post=6620"}],"version-history":[{"count":1,"href":"https:\/\/misericordiadesanfernando.com\/index.php\/wp-json\/wp\/v2\/posts\/6620\/revisions"}],"predecessor-version":[{"id":6622,"href":"https:\/\/misericordiadesanfernando.com\/index.php\/wp-json\/wp\/v2\/posts\/6620\/revisions\/6622"}],"wp:attachment":[{"href":"https:\/\/misericordiadesanfernando.com\/index.php\/wp-json\/wp\/v2\/media?parent=6620"}],"wp:term":[{"taxonomy":"category","embeddable":true,"href":"https:\/\/misericordiadesanfernando.com\/index.php\/wp-json\/wp\/v2\/categories?post=6620"},{"taxonomy":"post_tag","embeddable":true,"href":"https:\/\/misericordiadesanfernando.com\/index.php\/wp-json\/wp\/v2\/tags?post=6620"}],"curies":[{"name":"wp","href":"https:\/\/api.w.org\/{rel}","templated":true}]}}