{"id":6588,"date":"2026-07-31T19:19:42","date_gmt":"2026-07-31T17:19:42","guid":{"rendered":"https:\/\/misericordiadesanfernando.com\/?p=6588"},"modified":"2026-07-31T19:19:43","modified_gmt":"2026-07-31T17:19:43","slug":"la-hermandad-de-la-misericordia-expresa-su-pesar-por-el-fallecimiento-de-la-hermana-maria-del-carmen-del-espiritu-santo-obituario","status":"publish","type":"post","link":"https:\/\/misericordiadesanfernando.com\/index.php\/2026\/07\/31\/la-hermandad-de-la-misericordia-expresa-su-pesar-por-el-fallecimiento-de-la-hermana-maria-del-carmen-del-espiritu-santo-obituario\/","title":{"rendered":"LA HERMANDAD DE LA MISERICORDIA EXPRESA SU PESAR POR EL FALLECIMIENTO DE LA HERMANA MAR\u00cdA DEL CARMEN DEL ESP\u00cdRITU SANTO | Obituario"},"content":{"rendered":"\n<p class=\"wp-block-paragraph\">La Hermandad Sacramental y Carmelitana de la Misericordia expresa su m\u00e1s profundo pesar por el fallecimiento, en las primeras horas de esta ma\u00f1ana, de la querida Hermana Mar\u00eda del Carmen del Esp\u00edritu Santo, religiosa de la Comunidad de Madres Carmelitas Descalzas de San Fernando.<\/p>\n\n\n\n<p class=\"wp-block-paragraph\">Unida desde siempre a nuestra espiritualidad carmelitana, elevamos nuestras oraciones por el eterno descanso de su alma, dando gracias al Se\u00f1or por el testimonio de entrega, oraci\u00f3n y vida contemplativa que ofreci\u00f3 durante toda su existencia. Confiamos en que Cristo Resucitado la haya acogido ya en la Casa del Padre, Rico en Misericordia, para gozar de la plenitud de su presencia.<\/p>\n\n\n\n<p class=\"wp-block-paragraph\">La Hermandad quiere trasladar su cercan\u00eda y afecto a toda la Comunidad de Madres Carmelitas Descalzas, asegur\u00e1ndoles nuestra oraci\u00f3n en estos momentos de dolor y esperanza cristiana.<\/p>\n\n\n\n<p class=\"wp-block-paragraph\">El sepelio tendr\u00e1 lugar ma\u00f1ana, s\u00e1bado, a las 11:00 horas, en el Monasterio de la Sant\u00edsima Trinidad.<\/p>\n\n\n\n<p class=\"wp-block-paragraph\">Descanse en la paz del Se\u00f1or.<\/p>\n\n\n\n<figure class=\"wp-block-image size-full\"><img loading=\"lazy\" decoding=\"async\" width=\"800\" height=\"800\" src=\"https:\/\/misericordiadesanfernando.com\/wp-content\/uploads\/2026\/07\/761703447_28064864976441501_4869122369142474281_n.jpg\" alt=\"\" class=\"wp-image-6589\" srcset=\"https:\/\/misericordiadesanfernando.com\/wp-content\/uploads\/2026\/07\/761703447_28064864976441501_4869122369142474281_n.jpg 800w, https:\/\/misericordiadesanfernando.com\/wp-content\/uploads\/2026\/07\/761703447_28064864976441501_4869122369142474281_n-300x300.jpg 300w, https:\/\/misericordiadesanfernando.com\/wp-content\/uploads\/2026\/07\/761703447_28064864976441501_4869122369142474281_n-150x150.jpg 150w, https:\/\/misericordiadesanfernando.com\/wp-content\/uploads\/2026\/07\/761703447_28064864976441501_4869122369142474281_n-768x768.jpg 768w\" sizes=\"auto, (max-width: 800px) 100vw, 800px\" \/><\/figure>\n","protected":false},"excerpt":{"rendered":"<p>La Hermandad Sacramental y Carmelitana de la Misericordia expresa su m\u00e1s profundo pesar por el fallecimiento, en las primeras horas de esta ma\u00f1ana, de la querida Hermana Mar\u00eda del Carmen&hellip;<\/p>\n","protected":false},"author":3,"featured_media":0,"comment_status":"closed","ping_status":"closed","sticky":false,"template":"","format":"standard","meta":{"footnotes":""},"categories":[39],"tags":[],"class_list":["post-6588","post","type-post","status-publish","format-standard","hentry","category-actualidad"],"_links":{"self":[{"href":"https:\/\/misericordiadesanfernando.com\/index.php\/wp-json\/wp\/v2\/posts\/6588","targetHints":{"allow":["GET"]}}],"collection":[{"href":"https:\/\/misericordiadesanfernando.com\/index.php\/wp-json\/wp\/v2\/posts"}],"about":[{"href":"https:\/\/misericordiadesanfernando.com\/index.php\/wp-json\/wp\/v2\/types\/post"}],"author":[{"embeddable":true,"href":"https:\/\/misericordiadesanfernando.com\/index.php\/wp-json\/wp\/v2\/users\/3"}],"replies":[{"embeddable":true,"href":"https:\/\/misericordiadesanfernando.com\/index.php\/wp-json\/wp\/v2\/comments?post=6588"}],"version-history":[{"count":1,"href":"https:\/\/misericordiadesanfernando.com\/index.php\/wp-json\/wp\/v2\/posts\/6588\/revisions"}],"predecessor-version":[{"id":6590,"href":"https:\/\/misericordiadesanfernando.com\/index.php\/wp-json\/wp\/v2\/posts\/6588\/revisions\/6590"}],"wp:attachment":[{"href":"https:\/\/misericordiadesanfernando.com\/index.php\/wp-json\/wp\/v2\/media?parent=6588"}],"wp:term":[{"taxonomy":"category","embeddable":true,"href":"https:\/\/misericordiadesanfernando.com\/index.php\/wp-json\/wp\/v2\/categories?post=6588"},{"taxonomy":"post_tag","embeddable":true,"href":"https:\/\/misericordiadesanfernando.com\/index.php\/wp-json\/wp\/v2\/tags?post=6588"}],"curies":[{"name":"wp","href":"https:\/\/api.w.org\/{rel}","templated":true}]}}