{"id":6585,"date":"2026-07-30T21:01:46","date_gmt":"2026-07-30T19:01:46","guid":{"rendered":"https:\/\/misericordiadesanfernando.com\/?p=6585"},"modified":"2026-07-30T21:01:47","modified_gmt":"2026-07-30T19:01:47","slug":"la-verbena-de-agosto-sera-punto-de-recogida-de-material-escolar-accion-social","status":"publish","type":"post","link":"https:\/\/misericordiadesanfernando.com\/index.php\/2026\/07\/30\/la-verbena-de-agosto-sera-punto-de-recogida-de-material-escolar-accion-social\/","title":{"rendered":"LA VERBENA DE AGOSTO SER\u00c1 PUNTO DE RECOGIDA DE MATERIAL ESCOLAR | Acci\u00f3n social"},"content":{"rendered":"\n<p class=\"wp-block-paragraph\">Durante los d\u00edas donde la Hermandad celebrar\u00e1 su verbena estival -6, 7 y 8 de agosto- todas aquellas personas que quieran colaborar con la aportaci\u00f3n de material escolar podr\u00e1n entregarlo en un punto de recogida que se habilitar\u00e1 en la plaza de la Pastora.<\/p>\n\n\n\n<p class=\"wp-block-paragraph\">Aquellos materiales que se recauden, junto con los que la Hermandad recoja en los siguientes d\u00edas establecidos, servir\u00e1n para atender las necesidades de nuestros hermanos o allegados que se encuentran en una situaci\u00f3n complicada en estas fechas previas al inicio del nuevo curso escolar.<\/p>\n\n\n\n<p class=\"wp-block-paragraph\">Todo suma, hag\u00e1moslo entre todos.<\/p>\n\n\n\n<p class=\"wp-block-paragraph\">Si puedes nada, NADA.<br>Si puedes poco, POCO.<br>Si puedes mucho, MUCHO.<\/p>\n\n\n\n<figure class=\"wp-block-image size-large\"><img loading=\"lazy\" decoding=\"async\" width=\"1024\" height=\"683\" src=\"https:\/\/misericordiadesanfernando.com\/wp-content\/uploads\/2026\/07\/332129aa-4381-45c4-b048-025da9b2bed9-1024x683.jpeg\" alt=\"\" class=\"wp-image-6586\" srcset=\"https:\/\/misericordiadesanfernando.com\/wp-content\/uploads\/2026\/07\/332129aa-4381-45c4-b048-025da9b2bed9-1024x683.jpeg 1024w, https:\/\/misericordiadesanfernando.com\/wp-content\/uploads\/2026\/07\/332129aa-4381-45c4-b048-025da9b2bed9-300x200.jpeg 300w, https:\/\/misericordiadesanfernando.com\/wp-content\/uploads\/2026\/07\/332129aa-4381-45c4-b048-025da9b2bed9-768x512.jpeg 768w, https:\/\/misericordiadesanfernando.com\/wp-content\/uploads\/2026\/07\/332129aa-4381-45c4-b048-025da9b2bed9-150x100.jpeg 150w, https:\/\/misericordiadesanfernando.com\/wp-content\/uploads\/2026\/07\/332129aa-4381-45c4-b048-025da9b2bed9.jpeg 1536w\" sizes=\"auto, (max-width: 1024px) 100vw, 1024px\" \/><\/figure>\n","protected":false},"excerpt":{"rendered":"<p>Durante los d\u00edas donde la Hermandad celebrar\u00e1 su verbena estival -6, 7 y 8 de agosto- todas aquellas personas que quieran colaborar con la aportaci\u00f3n de material escolar podr\u00e1n entregarlo&hellip;<\/p>\n","protected":false},"author":3,"featured_media":0,"comment_status":"closed","ping_status":"closed","sticky":false,"template":"","format":"standard","meta":{"footnotes":""},"categories":[39],"tags":[],"class_list":["post-6585","post","type-post","status-publish","format-standard","hentry","category-actualidad"],"_links":{"self":[{"href":"https:\/\/misericordiadesanfernando.com\/index.php\/wp-json\/wp\/v2\/posts\/6585","targetHints":{"allow":["GET"]}}],"collection":[{"href":"https:\/\/misericordiadesanfernando.com\/index.php\/wp-json\/wp\/v2\/posts"}],"about":[{"href":"https:\/\/misericordiadesanfernando.com\/index.php\/wp-json\/wp\/v2\/types\/post"}],"author":[{"embeddable":true,"href":"https:\/\/misericordiadesanfernando.com\/index.php\/wp-json\/wp\/v2\/users\/3"}],"replies":[{"embeddable":true,"href":"https:\/\/misericordiadesanfernando.com\/index.php\/wp-json\/wp\/v2\/comments?post=6585"}],"version-history":[{"count":1,"href":"https:\/\/misericordiadesanfernando.com\/index.php\/wp-json\/wp\/v2\/posts\/6585\/revisions"}],"predecessor-version":[{"id":6587,"href":"https:\/\/misericordiadesanfernando.com\/index.php\/wp-json\/wp\/v2\/posts\/6585\/revisions\/6587"}],"wp:attachment":[{"href":"https:\/\/misericordiadesanfernando.com\/index.php\/wp-json\/wp\/v2\/media?parent=6585"}],"wp:term":[{"taxonomy":"category","embeddable":true,"href":"https:\/\/misericordiadesanfernando.com\/index.php\/wp-json\/wp\/v2\/categories?post=6585"},{"taxonomy":"post_tag","embeddable":true,"href":"https:\/\/misericordiadesanfernando.com\/index.php\/wp-json\/wp\/v2\/tags?post=6585"}],"curies":[{"name":"wp","href":"https:\/\/api.w.org\/{rel}","templated":true}]}}