{"id":6583,"date":"2026-07-29T11:41:17","date_gmt":"2026-07-29T09:41:17","guid":{"rendered":"https:\/\/misericordiadesanfernando.com\/?p=6583"},"modified":"2026-07-29T11:41:18","modified_gmt":"2026-07-29T09:41:18","slug":"la-misericordia-sufragara-el-calzado-deportivo-de-los-ninos-acogidos-a-caritas-para-la-vuelta-al-cole-accion-social","status":"publish","type":"post","link":"https:\/\/misericordiadesanfernando.com\/index.php\/2026\/07\/29\/la-misericordia-sufragara-el-calzado-deportivo-de-los-ninos-acogidos-a-caritas-para-la-vuelta-al-cole-accion-social\/","title":{"rendered":"LA MISERICORDIA SUFRAGAR\u00c1 EL CALZADO DEPORTIVO DE LOS NI\u00d1OS ACOGIDOS A C\u00c1RITAS PARA LA VUELTA AL COLE | Acci\u00f3n social"},"content":{"rendered":"\n<p class=\"wp-block-paragraph\">Con el inicio del nuevo curso escolar, la Hermandad de la Misericordia, a trav\u00e9s de su Bolsa de Caridad \u00abRvdo. Padre Jos\u00e9 Mar\u00eda Arenas\u00bb, vuelve a poner en marcha iniciativas destinadas a apoyar a las familias que atraviesan dificultades econ\u00f3micas, reafirmando as\u00ed su compromiso con la caridad cristiana y el servicio a quienes m\u00e1s lo necesitan.<\/p>\n\n\n\n<p class=\"wp-block-paragraph\">Un a\u00f1o m\u00e1s, la Bolsa de Caridad de la Hermandad, en colaboraci\u00f3n con C\u00e1ritas Parroquial, sufragar\u00e1 la adquisici\u00f3n de los zapatos deportivos escolares y de un pack de calcetines deportivos para los ni\u00f1os y ni\u00f1as acogidos por esta instituci\u00f3n. Con esta iniciativa se pretende aliviar el esfuerzo econ\u00f3mico que supone la vuelta al colegio para muchas familias de nuestro barrio, contribuyendo a que los menores puedan comenzar el nuevo curso con el equipamiento b\u00e1sico necesario.<\/p>\n\n\n\n<p class=\"wp-block-paragraph\">Junto a esta actuaci\u00f3n, recordamos que la Hermandad pone en marcha una nueva edici\u00f3n de su tradicional campa\u00f1a de recogida de material escolar, destinada a ayudar a las familias de la hermandad con mayores dificultades econ\u00f3micas. Gracias a la colaboraci\u00f3n de hermanos, devotos y benefactores, cada a\u00f1o numerosos ni\u00f1os y ni\u00f1as pueden iniciar el curso con el material necesario.<\/p>\n\n\n\n<p class=\"wp-block-paragraph\">Asimismo, la Hermandad quiere dirigir un llamamiento muy especial a sus hermanos y hermanas. Sabemos que, en determinadas circunstancias, solicitar ayuda puede resultar complicado. Sin embargo, la Hermandad es una familia y, como tal, desea estar al lado de quienes m\u00e1s lo necesitan.<\/p>\n\n\n\n<p class=\"wp-block-paragraph\">Por ello, todas aquellas familias pertenecientes a la Hermandad cuyos hijos cursen estudios de Educaci\u00f3n Infantil, Primaria o Educaci\u00f3n Secundaria y necesiten material escolar podr\u00e1n solicitar esta ayuda con la tranquilidad de que todas las peticiones ser\u00e1n atendidas con la m\u00e1xima discreci\u00f3n, confidencialidad y respeto, de acuerdo con los principios de caridad y fraternidad que inspiran a nuestra corporaci\u00f3n.&nbsp;<\/p>\n\n\n\n<p class=\"wp-block-paragraph\">Las solicitudes podr\u00e1n realizarse hasta el pr\u00f3ximo 15 de agosto, contactando de forma privada con cualquier miembro de la Junta de Gobierno o respondiendo a trav\u00e9s de los canales habituales de comunicaci\u00f3n de la Hermandad.<\/p>\n\n\n\n<p class=\"wp-block-paragraph\">Damos las gracias a aquellos hermanos que han trabajado para que estas iniciativas pueda ser llevadas a cabo, un a\u00f1o m\u00e1s, desde el seno de nuestra Hermandad.<\/p>\n\n\n","protected":false},"excerpt":{"rendered":"<p>Con el inicio del nuevo curso escolar, la Hermandad de la Misericordia, a trav\u00e9s de su Bolsa de Caridad \u00abRvdo. Padre Jos\u00e9 Mar\u00eda Arenas\u00bb, vuelve a poner en marcha iniciativas&hellip;<\/p>\n","protected":false},"author":3,"featured_media":0,"comment_status":"closed","ping_status":"closed","sticky":false,"template":"","format":"standard","meta":{"footnotes":""},"categories":[39],"tags":[],"class_list":["post-6583","post","type-post","status-publish","format-standard","hentry","category-actualidad"],"_links":{"self":[{"href":"https:\/\/misericordiadesanfernando.com\/index.php\/wp-json\/wp\/v2\/posts\/6583","targetHints":{"allow":["GET"]}}],"collection":[{"href":"https:\/\/misericordiadesanfernando.com\/index.php\/wp-json\/wp\/v2\/posts"}],"about":[{"href":"https:\/\/misericordiadesanfernando.com\/index.php\/wp-json\/wp\/v2\/types\/post"}],"author":[{"embeddable":true,"href":"https:\/\/misericordiadesanfernando.com\/index.php\/wp-json\/wp\/v2\/users\/3"}],"replies":[{"embeddable":true,"href":"https:\/\/misericordiadesanfernando.com\/index.php\/wp-json\/wp\/v2\/comments?post=6583"}],"version-history":[{"count":1,"href":"https:\/\/misericordiadesanfernando.com\/index.php\/wp-json\/wp\/v2\/posts\/6583\/revisions"}],"predecessor-version":[{"id":6584,"href":"https:\/\/misericordiadesanfernando.com\/index.php\/wp-json\/wp\/v2\/posts\/6583\/revisions\/6584"}],"wp:attachment":[{"href":"https:\/\/misericordiadesanfernando.com\/index.php\/wp-json\/wp\/v2\/media?parent=6583"}],"wp:term":[{"taxonomy":"category","embeddable":true,"href":"https:\/\/misericordiadesanfernando.com\/index.php\/wp-json\/wp\/v2\/categories?post=6583"},{"taxonomy":"post_tag","embeddable":true,"href":"https:\/\/misericordiadesanfernando.com\/index.php\/wp-json\/wp\/v2\/tags?post=6583"}],"curies":[{"name":"wp","href":"https:\/\/api.w.org\/{rel}","templated":true}]}}