{"id":6579,"date":"2026-07-28T16:43:02","date_gmt":"2026-07-28T14:43:02","guid":{"rendered":"https:\/\/misericordiadesanfernando.com\/?p=6579"},"modified":"2026-07-28T16:43:03","modified_gmt":"2026-07-28T14:43:03","slug":"santa-faz-trimestral-crecer-como-hermandad-en-torno-a-jesus-sacramentado-y-la-virgen-de-la-piedad-actualidad","status":"publish","type":"post","link":"https:\/\/misericordiadesanfernando.com\/index.php\/2026\/07\/28\/santa-faz-trimestral-crecer-como-hermandad-en-torno-a-jesus-sacramentado-y-la-virgen-de-la-piedad-actualidad\/","title":{"rendered":"\u201cSANTA FAZ\u201d Trimestral\u2026. \u201cCRECER COMO HERMANDAD EN TORNO A JES\u00daS SACRAMENTADO Y LA VIRGEN DE LA PIEDAD\u201d | Actualidad"},"content":{"rendered":"\n<p class=\"wp-block-paragraph\">Ya dispones de la nueva revista-bolet\u00edn \u201cSANTA FAZ\u201d donde se ofrece a modo de \u201cmemor\u00e1ndum\u201d aquello acontecido durante el \u00faltimo trimestre, destacando lo vivido durante el tiempo pascual. Tambi\u00e9n una amplia memoria grafica del mes de junio eucar\u00edstico, la presencia en la Feria del Carmen y de la Sal, as\u00ed como los proyectos patrimoniales en los que se encuentra inmersa la hermandad.<\/p>\n\n\n\n<p class=\"wp-block-paragraph\">El mismo cuenta con varios art\u00edculos de opini\u00f3n, menciones a la actualidad y una buena y atractiva galer\u00eda fotogr\u00e1fica recopilada gracias a las aportaciones de diferentes fot\u00f3grafos que han querido colaborar con nuestra Hermandad compartiendo sus viviendas detr\u00e1s del objetivo de su c\u00e1mara durante estos meses.<\/p>\n\n\n\n<p class=\"wp-block-paragraph\">Si quiere recibir en su correo el bolet\u00edn y es hermano pero a\u00fan no recibe la informaci\u00f3n paulatina de la hermandad, remita sus datos a la secretar\u00eda &#8211;<br>misericordiadesanfernando@gmail.com o secretaria@misericordiadesanfernando.com -.<\/p>\n\n\n\n<p class=\"wp-block-paragraph\">Pincha en el siguiente enlace para descargarlo:<\/p>\n\n\n\n<p class=\"wp-block-paragraph\"><a href=\"https:\/\/drive.google.com\/file\/d\/1olXy3wIfNbWQyw_VCurkD2YdQouqN-7p\/view?usp=sharing\">https:\/\/drive.google.com\/file\/d\/1olXy3wIfNbWQyw_VCurkD2YdQouqN-7p\/view?usp=sharing<\/a><\/p>\n","protected":false},"excerpt":{"rendered":"<p>Ya dispones de la nueva revista-bolet\u00edn \u201cSANTA FAZ\u201d donde se ofrece a modo de \u201cmemor\u00e1ndum\u201d aquello acontecido durante el \u00faltimo trimestre, destacando lo vivido durante el tiempo pascual. Tambi\u00e9n una&hellip;<\/p>\n","protected":false},"author":3,"featured_media":0,"comment_status":"closed","ping_status":"closed","sticky":false,"template":"","format":"standard","meta":{"footnotes":""},"categories":[39],"tags":[],"class_list":["post-6579","post","type-post","status-publish","format-standard","hentry","category-actualidad"],"_links":{"self":[{"href":"https:\/\/misericordiadesanfernando.com\/index.php\/wp-json\/wp\/v2\/posts\/6579","targetHints":{"allow":["GET"]}}],"collection":[{"href":"https:\/\/misericordiadesanfernando.com\/index.php\/wp-json\/wp\/v2\/posts"}],"about":[{"href":"https:\/\/misericordiadesanfernando.com\/index.php\/wp-json\/wp\/v2\/types\/post"}],"author":[{"embeddable":true,"href":"https:\/\/misericordiadesanfernando.com\/index.php\/wp-json\/wp\/v2\/users\/3"}],"replies":[{"embeddable":true,"href":"https:\/\/misericordiadesanfernando.com\/index.php\/wp-json\/wp\/v2\/comments?post=6579"}],"version-history":[{"count":1,"href":"https:\/\/misericordiadesanfernando.com\/index.php\/wp-json\/wp\/v2\/posts\/6579\/revisions"}],"predecessor-version":[{"id":6580,"href":"https:\/\/misericordiadesanfernando.com\/index.php\/wp-json\/wp\/v2\/posts\/6579\/revisions\/6580"}],"wp:attachment":[{"href":"https:\/\/misericordiadesanfernando.com\/index.php\/wp-json\/wp\/v2\/media?parent=6579"}],"wp:term":[{"taxonomy":"category","embeddable":true,"href":"https:\/\/misericordiadesanfernando.com\/index.php\/wp-json\/wp\/v2\/categories?post=6579"},{"taxonomy":"post_tag","embeddable":true,"href":"https:\/\/misericordiadesanfernando.com\/index.php\/wp-json\/wp\/v2\/tags?post=6579"}],"curies":[{"name":"wp","href":"https:\/\/api.w.org\/{rel}","templated":true}]}}