{"id":6574,"date":"2026-07-27T09:21:02","date_gmt":"2026-07-27T07:21:02","guid":{"rendered":"https:\/\/misericordiadesanfernando.com\/?p=6574"},"modified":"2026-07-27T09:21:03","modified_gmt":"2026-07-27T07:21:03","slug":"cabildo-general-extraordinario-para-decidir-sobre-dos-importantes-proyectos-para-el-futuro-de-la-hermandad-i-actualidad","status":"publish","type":"post","link":"https:\/\/misericordiadesanfernando.com\/index.php\/2026\/07\/27\/cabildo-general-extraordinario-para-decidir-sobre-dos-importantes-proyectos-para-el-futuro-de-la-hermandad-i-actualidad\/","title":{"rendered":"CABILDO GENERAL EXTRAORDINARIO PARA DECIDIR SOBRE DOS IMPORTANTES PROYECTOS PARA EL FUTURO DE LA HERMANDAD I Actualidad"},"content":{"rendered":"\n<p class=\"wp-block-paragraph\">La Hermandad Sacramental y Carmelitana de la Misericordia celebrar\u00e1 el pr\u00f3ximo viernes 2 de octubre, a las 20:00 horas en primera convocatoria, un Cabildo General Extraordinario en el que se someter\u00e1n a la consideraci\u00f3n de los hermanos dos iniciativas de especial trascendencia para el futuro patrimonial, art\u00edstico y devocional de nuestra Corporaci\u00f3n.<\/p>\n\n\n\n<p class=\"wp-block-paragraph\">En el transcurso de la sesi\u00f3n ser\u00e1 presentado para su aprobaci\u00f3n el proyecto de ejecuci\u00f3n del manto procesional de Mar\u00eda Sant\u00edsima de la Piedad, una obra concebida como uno de los grandes objetivos patrimoniales de la Hermandad, llamada a enriquecer el ajuar de nuestra Amant\u00edsima Titular y a convertirse en un legado para las generaciones futuras.<\/p>\n\n\n\n<p class=\"wp-block-paragraph\">Del mismo modo, el Cabildo conocer\u00e1 y deber\u00e1 pronunciarse sobre la propuesta presentada por la Junta de Gobierno para la ejecuci\u00f3n del nuevo grupo escult\u00f3rico destinado a la reforma y culminaci\u00f3n del paso de misterio de Nuestro Padre Jes\u00fas de la Misericordia. Esta intervenci\u00f3n permitir\u00e1 completar la escena de la Pasi\u00f3n que representa nuestra Cofrad\u00eda en la tarde del Jueves Santo.<\/p>\n\n\n\n<p class=\"wp-block-paragraph\">Asimismo, se someter\u00e1 a la aprobaci\u00f3n de los hermanos la aceptaci\u00f3n de la donaci\u00f3n del referido conjunto escult\u00f3rico, una iniciativa nacida de la generosidad y el compromiso de un grupo de hermanos y benefactores que han querido poner este importante proyecto al servicio del patrimonio com\u00fan de la Hermandad.<\/p>\n\n\n\n<p class=\"wp-block-paragraph\">La Junta de Gobierno hace un llamamiento a todos los hermanos con derecho a voto para que participen activamente en esta convocatoria, contribuyendo con su presencia a un momento de especial relevancia en la vida de nuestra Hermandad.<\/p>\n\n\n\n<p class=\"wp-block-paragraph\"><\/p>\n","protected":false},"excerpt":{"rendered":"<p>La Hermandad Sacramental y Carmelitana de la Misericordia celebrar\u00e1 el pr\u00f3ximo viernes 2 de octubre, a las 20:00 horas en primera convocatoria, un Cabildo General Extraordinario en el que se&hellip;<\/p>\n","protected":false},"author":3,"featured_media":0,"comment_status":"closed","ping_status":"closed","sticky":false,"template":"","format":"standard","meta":{"footnotes":""},"categories":[39],"tags":[],"class_list":["post-6574","post","type-post","status-publish","format-standard","hentry","category-actualidad"],"_links":{"self":[{"href":"https:\/\/misericordiadesanfernando.com\/index.php\/wp-json\/wp\/v2\/posts\/6574","targetHints":{"allow":["GET"]}}],"collection":[{"href":"https:\/\/misericordiadesanfernando.com\/index.php\/wp-json\/wp\/v2\/posts"}],"about":[{"href":"https:\/\/misericordiadesanfernando.com\/index.php\/wp-json\/wp\/v2\/types\/post"}],"author":[{"embeddable":true,"href":"https:\/\/misericordiadesanfernando.com\/index.php\/wp-json\/wp\/v2\/users\/3"}],"replies":[{"embeddable":true,"href":"https:\/\/misericordiadesanfernando.com\/index.php\/wp-json\/wp\/v2\/comments?post=6574"}],"version-history":[{"count":1,"href":"https:\/\/misericordiadesanfernando.com\/index.php\/wp-json\/wp\/v2\/posts\/6574\/revisions"}],"predecessor-version":[{"id":6575,"href":"https:\/\/misericordiadesanfernando.com\/index.php\/wp-json\/wp\/v2\/posts\/6574\/revisions\/6575"}],"wp:attachment":[{"href":"https:\/\/misericordiadesanfernando.com\/index.php\/wp-json\/wp\/v2\/media?parent=6574"}],"wp:term":[{"taxonomy":"category","embeddable":true,"href":"https:\/\/misericordiadesanfernando.com\/index.php\/wp-json\/wp\/v2\/categories?post=6574"},{"taxonomy":"post_tag","embeddable":true,"href":"https:\/\/misericordiadesanfernando.com\/index.php\/wp-json\/wp\/v2\/tags?post=6574"}],"curies":[{"name":"wp","href":"https:\/\/api.w.org\/{rel}","templated":true}]}}