{"id":6571,"date":"2026-07-26T15:18:59","date_gmt":"2026-07-26T13:18:59","guid":{"rendered":"https:\/\/misericordiadesanfernando.com\/?p=6571"},"modified":"2026-07-26T15:19:01","modified_gmt":"2026-07-26T13:19:01","slug":"aula-de-formacion-daniel-nieto-vazquez-formacion-online26-de-julio-san-joaquin-y-santa-ana-los-padres-de-la-virgen-maria","status":"publish","type":"post","link":"https:\/\/misericordiadesanfernando.com\/index.php\/2026\/07\/26\/aula-de-formacion-daniel-nieto-vazquez-formacion-online26-de-julio-san-joaquin-y-santa-ana-los-padres-de-la-virgen-maria\/","title":{"rendered":"AULA DE FORMACI\u00d3N \u201cDaniel Nieto V\u00e1zquez\u201d | Formaci\u00f3n Online26 DE JULIO | SAN JOAQUIN Y SANTA ANA: LOS PADRES DE LA VIRGEN MAR\u00cdA"},"content":{"rendered":"\n<p class=\"wp-block-paragraph\">La festividad de San Joaqu\u00edn y Santa Ana se celebra cada 26 de julio en la Iglesia cat\u00f3lica y en diversas comunidades cristianas alrededor del mundo. Seg\u00fan la tradici\u00f3n, San Joaqu\u00edn y Santa Ana fueron los padres de la Virgen Mar\u00eda y, por consiguiente, los abuelos de Jesucristo. Aunque sus nombres no aparecen en los Evangelios can\u00f3nicos, su historia se conoce gracias a antiguos escritos cristianos, especialmente el Protoevangelio de Santiago, un texto del siglo II que relata su vida y su profunda fe.<\/p>\n\n\n\n<p class=\"wp-block-paragraph\">De acuerdo con la tradici\u00f3n, Joaqu\u00edn y Ana eran un matrimonio justo y piadoso que durante muchos a\u00f1os no pudo tener hijos. Despu\u00e9s de perseverar en la oraci\u00f3n y confiar plenamente en Dios, recibieron la noticia de que tendr\u00edan una hija, Mar\u00eda, quien m\u00e1s tarde ser\u00eda la madre de Jes\u00fas. Por esta raz\u00f3n, ambos son considerados un ejemplo de esperanza, fidelidad y confianza en la voluntad divina.<\/p>\n\n\n\n<p class=\"wp-block-paragraph\">La Iglesia los venera como patronos de los abuelos, de las personas mayores, de los matrimonios y de quienes desean formar una familia. Su festividad tambi\u00e9n busca reconocer la importante labor de los abuelos en la transmisi\u00f3n de los valores, la fe, las tradiciones y la cultura de una generaci\u00f3n a otra. En muchos pa\u00edses, esta fecha coincide con celebraciones dedicadas a honrar a los abuelos y agradecerles su amor, experiencia y sabidur\u00eda.<\/p>\n\n\n\n<p class=\"wp-block-paragraph\">En diversos pa\u00edses de Am\u00e9rica Latina, como M\u00e9xico, Guatemala, El Salvador y Nicaragua, as\u00ed como en Espa\u00f1a y otras naciones con tradici\u00f3n cat\u00f3lica, existen parroquias y pueblos que tienen a San Joaqu\u00edn y Santa Ana como sus santos patronos. En estos lugares, las fiestas patronales re\u00fanen a miles de fieles y visitantes que participan tanto en los actos lit\u00fargicos como en las celebraciones populares.<\/p>\n\n\n\n<p class=\"wp-block-paragraph\">La festividad de San Joaqu\u00edn y Santa Ana invita a reflexionar sobre el valor de la familia, el respeto hacia los adultos mayores y la importancia de transmitir principios como la solidaridad, la fe, el amor y el servicio a las nuevas generaciones. Su ejemplo contin\u00faa inspirando a muchas personas a fortalecer los lazos familiares y a reconocer el papel fundamental que desempe\u00f1an los abuelos en la formaci\u00f3n humana y espiritual de sus hijos y nietos.<\/p>\n\n\n\n<p class=\"wp-block-paragraph\">En la actualidad, esta celebraci\u00f3n sigue siendo una oportunidad para agradecer el legado de quienes, con su experiencia y dedicaci\u00f3n, contribuyen al desarrollo de las familias y de la sociedad. M\u00e1s all\u00e1 de su significado religioso, la festividad promueve valores universales como el respeto, la unidad, la generosidad y el amor entre las generaciones.<\/p>\n\n\n\n<p class=\"wp-block-paragraph\">-VOCAL\u00cdA DE FORMACI\u00d3N Y LITURGIA\u201d<\/p>\n\n\n\n<figure class=\"wp-block-image size-full\"><img loading=\"lazy\" decoding=\"async\" width=\"940\" height=\"788\" src=\"https:\/\/misericordiadesanfernando.com\/wp-content\/uploads\/2026\/07\/1e0d7082-f3c0-4005-8701-e1c311414b5d.jpeg\" alt=\"\" class=\"wp-image-6572\" srcset=\"https:\/\/misericordiadesanfernando.com\/wp-content\/uploads\/2026\/07\/1e0d7082-f3c0-4005-8701-e1c311414b5d.jpeg 940w, https:\/\/misericordiadesanfernando.com\/wp-content\/uploads\/2026\/07\/1e0d7082-f3c0-4005-8701-e1c311414b5d-300x251.jpeg 300w, https:\/\/misericordiadesanfernando.com\/wp-content\/uploads\/2026\/07\/1e0d7082-f3c0-4005-8701-e1c311414b5d-768x644.jpeg 768w\" sizes=\"auto, (max-width: 940px) 100vw, 940px\" \/><\/figure>\n","protected":false},"excerpt":{"rendered":"<p>La festividad de San Joaqu\u00edn y Santa Ana se celebra cada 26 de julio en la Iglesia cat\u00f3lica y en diversas comunidades cristianas alrededor del mundo. Seg\u00fan la tradici\u00f3n, San&hellip;<\/p>\n","protected":false},"author":3,"featured_media":0,"comment_status":"closed","ping_status":"closed","sticky":false,"template":"","format":"standard","meta":{"footnotes":""},"categories":[39],"tags":[],"class_list":["post-6571","post","type-post","status-publish","format-standard","hentry","category-actualidad"],"_links":{"self":[{"href":"https:\/\/misericordiadesanfernando.com\/index.php\/wp-json\/wp\/v2\/posts\/6571","targetHints":{"allow":["GET"]}}],"collection":[{"href":"https:\/\/misericordiadesanfernando.com\/index.php\/wp-json\/wp\/v2\/posts"}],"about":[{"href":"https:\/\/misericordiadesanfernando.com\/index.php\/wp-json\/wp\/v2\/types\/post"}],"author":[{"embeddable":true,"href":"https:\/\/misericordiadesanfernando.com\/index.php\/wp-json\/wp\/v2\/users\/3"}],"replies":[{"embeddable":true,"href":"https:\/\/misericordiadesanfernando.com\/index.php\/wp-json\/wp\/v2\/comments?post=6571"}],"version-history":[{"count":1,"href":"https:\/\/misericordiadesanfernando.com\/index.php\/wp-json\/wp\/v2\/posts\/6571\/revisions"}],"predecessor-version":[{"id":6573,"href":"https:\/\/misericordiadesanfernando.com\/index.php\/wp-json\/wp\/v2\/posts\/6571\/revisions\/6573"}],"wp:attachment":[{"href":"https:\/\/misericordiadesanfernando.com\/index.php\/wp-json\/wp\/v2\/media?parent=6571"}],"wp:term":[{"taxonomy":"category","embeddable":true,"href":"https:\/\/misericordiadesanfernando.com\/index.php\/wp-json\/wp\/v2\/categories?post=6571"},{"taxonomy":"post_tag","embeddable":true,"href":"https:\/\/misericordiadesanfernando.com\/index.php\/wp-json\/wp\/v2\/tags?post=6571"}],"curies":[{"name":"wp","href":"https:\/\/api.w.org\/{rel}","templated":true}]}}