{"id":6568,"date":"2026-07-26T11:42:15","date_gmt":"2026-07-26T09:42:15","guid":{"rendered":"https:\/\/misericordiadesanfernando.com\/?p=6568"},"modified":"2026-07-26T11:42:16","modified_gmt":"2026-07-26T09:42:16","slug":"tal-dia-como-hoy-historia-anecdotas-y-curiosidades","status":"publish","type":"post","link":"https:\/\/misericordiadesanfernando.com\/index.php\/2026\/07\/26\/tal-dia-como-hoy-historia-anecdotas-y-curiosidades\/","title":{"rendered":"TAL DIA COMO HOY\u2026. | Historia, an\u00e9cdotas y curiosidades"},"content":{"rendered":"\n<p class=\"wp-block-paragraph\">El 26 de Julio de 1993, fue acordado por unanimidad en Cabildo General Ordinario y a propuesta del Hermano Mayor Jos\u00e9 Luis S\u00e1nchez L\u00f3pez y su Junta de gobierno, de la Hermandad de Nuestro Padre Jes\u00fas de las Misericordias, Mar\u00eda Sant\u00edsima de la Candelaria y Santa Mujer Ver\u00f3nica de Jerez, establecer Carta de Hermandad con nuestra Hermandad de la Misericordia.<\/p>\n\n\n\n<p class=\"wp-block-paragraph\">Posteriormente, el 19 de marzo de 1994, festividad de San Jos\u00e9, la Junta de Gobierno de nuestra Hermandad se desplazar\u00eda a la ciudad de Jerez para hacerles entrega de nuestra aceptaci\u00f3n de establecer Carta de Hermandad, acto que tuvo lugar durante la Solemne Funci\u00f3n el 21 de Marzo de 1994, como culminaci\u00f3n del Quinario en honor de nuestros, ya, amant\u00edsimos Titulares Nuestro Padre Jes\u00fas de las Misericordias, Mar\u00eda Sant\u00edsima de la Candelaria y Santa Mujer Ver\u00f3nica.<\/p>\n\n\n\n<p class=\"wp-block-paragraph\">Es por ello hoy un d\u00eda de verdadera alegr\u00eda, pues celebramos el germen de la uni\u00f3n entre las corporaciones bajo la advocaci\u00f3n de la Misericordia de Jerez de la Frontera y San Fernando.<\/p>\n\n\n\n<figure class=\"wp-block-image size-large\"><img loading=\"lazy\" decoding=\"async\" width=\"771\" height=\"1024\" src=\"https:\/\/misericordiadesanfernando.com\/wp-content\/uploads\/2026\/07\/IMG_5462-771x1024.jpeg\" alt=\"\" class=\"wp-image-6569\" srcset=\"https:\/\/misericordiadesanfernando.com\/wp-content\/uploads\/2026\/07\/IMG_5462-771x1024.jpeg 771w, https:\/\/misericordiadesanfernando.com\/wp-content\/uploads\/2026\/07\/IMG_5462-226x300.jpeg 226w, https:\/\/misericordiadesanfernando.com\/wp-content\/uploads\/2026\/07\/IMG_5462-768x1020.jpeg 768w, https:\/\/misericordiadesanfernando.com\/wp-content\/uploads\/2026\/07\/IMG_5462-1157x1536.jpeg 1157w, https:\/\/misericordiadesanfernando.com\/wp-content\/uploads\/2026\/07\/IMG_5462.jpeg 1542w\" sizes=\"auto, (max-width: 771px) 100vw, 771px\" \/><\/figure>\n","protected":false},"excerpt":{"rendered":"<p>El 26 de Julio de 1993, fue acordado por unanimidad en Cabildo General Ordinario y a propuesta del Hermano Mayor Jos\u00e9 Luis S\u00e1nchez L\u00f3pez y su Junta de gobierno, de&hellip;<\/p>\n","protected":false},"author":3,"featured_media":0,"comment_status":"closed","ping_status":"closed","sticky":false,"template":"","format":"standard","meta":{"footnotes":""},"categories":[39],"tags":[],"class_list":["post-6568","post","type-post","status-publish","format-standard","hentry","category-actualidad"],"_links":{"self":[{"href":"https:\/\/misericordiadesanfernando.com\/index.php\/wp-json\/wp\/v2\/posts\/6568","targetHints":{"allow":["GET"]}}],"collection":[{"href":"https:\/\/misericordiadesanfernando.com\/index.php\/wp-json\/wp\/v2\/posts"}],"about":[{"href":"https:\/\/misericordiadesanfernando.com\/index.php\/wp-json\/wp\/v2\/types\/post"}],"author":[{"embeddable":true,"href":"https:\/\/misericordiadesanfernando.com\/index.php\/wp-json\/wp\/v2\/users\/3"}],"replies":[{"embeddable":true,"href":"https:\/\/misericordiadesanfernando.com\/index.php\/wp-json\/wp\/v2\/comments?post=6568"}],"version-history":[{"count":1,"href":"https:\/\/misericordiadesanfernando.com\/index.php\/wp-json\/wp\/v2\/posts\/6568\/revisions"}],"predecessor-version":[{"id":6570,"href":"https:\/\/misericordiadesanfernando.com\/index.php\/wp-json\/wp\/v2\/posts\/6568\/revisions\/6570"}],"wp:attachment":[{"href":"https:\/\/misericordiadesanfernando.com\/index.php\/wp-json\/wp\/v2\/media?parent=6568"}],"wp:term":[{"taxonomy":"category","embeddable":true,"href":"https:\/\/misericordiadesanfernando.com\/index.php\/wp-json\/wp\/v2\/categories?post=6568"},{"taxonomy":"post_tag","embeddable":true,"href":"https:\/\/misericordiadesanfernando.com\/index.php\/wp-json\/wp\/v2\/tags?post=6568"}],"curies":[{"name":"wp","href":"https:\/\/api.w.org\/{rel}","templated":true}]}}