{"id":6555,"date":"2026-07-24T16:55:28","date_gmt":"2026-07-24T14:55:28","guid":{"rendered":"https:\/\/misericordiadesanfernando.com\/?p=6555"},"modified":"2026-07-24T16:55:29","modified_gmt":"2026-07-24T14:55:29","slug":"la-hermandad-de-la-misericordia-acoge-con-inmensa-alegria-la-entrega-de-la-positio-super-virtutibus-de-la-hermana-cristina-causa-de-canonizacion","status":"publish","type":"post","link":"https:\/\/misericordiadesanfernando.com\/index.php\/2026\/07\/24\/la-hermandad-de-la-misericordia-acoge-con-inmensa-alegria-la-entrega-de-la-positio-super-virtutibus-de-la-hermana-cristina-causa-de-canonizacion\/","title":{"rendered":"LA HERMANDAD DE LA MISERICORDIA ACOGE CON INMENSA ALEGR\u00cdA LA ENTREGA DE LA POSITIO SUPER VIRTUTIBUS DE LA HERMANA CRISTINA | Causa de Canonizaci\u00f3n"},"content":{"rendered":"\n<p class=\"wp-block-paragraph\">La Hermandad Sacramental y Carmelitana de la Misericordia ha recibido con profunda alegr\u00eda la noticia de la entrega, el pasado 13 de julio, de la Positio super virtutibus de la Sierva de Dios Mar\u00eda Cristina de Jes\u00fas Sacramentado ante el Dicasterio para las Causas de los Santos, un paso decisivo en el proceso de su Causa de Canonizaci\u00f3n.<\/p>\n\n\n\n<p class=\"wp-block-paragraph\">Este importante documento recoge un estudio completo sobre la vida, las virtudes y la fama de santidad de la querida religiosa carmelita, permitiendo que la Causa contin\u00fae ahora su curso con el examen por parte de los consultores te\u00f3logos del Dicasterio.<\/p>\n\n\n\n<p class=\"wp-block-paragraph\">Para nuestra Hermandad, que durante d\u00e9cadas ha mantenido vivo el recuerdo, la devoci\u00f3n y la convicci\u00f3n de la santidad de la Hermana Cristina, esta noticia supone un motivo de enorme esperanza y una invitaci\u00f3n a seguir rezando para que, si es voluntad de Dios, la Iglesia pueda reconocer oficialmente el luminoso testimonio de quien hizo de su vida un aut\u00e9ntico reflejo del Evangelio.<\/p>\n\n\n\n<p class=\"wp-block-paragraph\">Queremos expresar, de manera muy especial, nuestro m\u00e1s sincero agradecimiento al Vicepostulador de la Causa, Fray Luis David de Santa Teresa, OCD, por su incansable dedicaci\u00f3n, entrega y cercan\u00eda, as\u00ed como por el constante cari\u00f1o y atenci\u00f3n que siempre ha mostrado hacia nuestra Hermandad. Su trabajo silencioso y perseverante est\u00e1 siendo fundamental para que la figura y el mensaje de la Hermana Cristina contin\u00faen llegando a un n\u00famero cada vez mayor de fieles.<\/p>\n\n\n\n<p class=\"wp-block-paragraph\">Desde la Hermandad de la Misericordia nos unimos a la alegr\u00eda de toda la familia carmelitana y de cuantos aman y veneran a la Sierva de Dios, renovando nuestro compromiso de seguir colaborando con la Causa y difundiendo el legado espiritual de quien nos ense\u00f1\u00f3, con su propia vida, el camino de \u00abOrar, Callar y Sufrir\u00bb.<\/p>\n\n\n<style>.wp-block-kadence-advancedgallery .kb-gallery-type-masonry.kb-gallery-id-6555_88506d-f2{margin:-5px;}.kb-gallery-type-masonry.kb-gallery-id-6555_88506d-f2 .kadence-blocks-gallery-item{padding:5px;}.kb-gallery-id-6555_88506d-f2 .kadence-blocks-gallery-item .kb-gal-image-radius, .kb-gallery-id-6555_88506d-f2 .kb-slide-item .kb-gal-image-radius img{border-radius:0px 0px 0px 0px;;}<\/style><div class=\"kb-gallery-wrap-id-6555_88506d-f2 alignnone wp-block-kadence-advancedgallery\"><ul class=\"kb-gallery-ul kb-gallery-non-static kb-gallery-type-masonry kb-masonry-init kb-gallery-id-6555_88506d-f2 kb-gallery-caption-style-bottom-hover kb-gallery-filter-none\" data-image-filter=\"none\" data-item-selector=\".kadence-blocks-gallery-item\" data-lightbox-caption=\"true\" data-columns-xxl=\"3\" data-columns-xl=\"3\" data-columns-md=\"3\" data-columns-sm=\"2\" data-columns-xs=\"1\" data-columns-ss=\"1\"><li class=\"kadence-blocks-gallery-item\" tabindex=\"0\"><div class=\"kadence-blocks-gallery-item-inner\"><figure class=\"kb-gallery-figure kadence-blocks-gallery-item-hide-caption\"><div class=\"kb-gal-image-radius\" style=\"max-width:768px;\"><div class=\"kb-gallery-image-contain kadence-blocks-gallery-intrinsic\" style=\"padding-bottom:133%;\"><img loading=\"lazy\" decoding=\"async\" src=\"https:\/\/misericordiadesanfernando.com\/wp-content\/uploads\/2026\/07\/753694653_1489575099870950_3401579820704179649_n-768x1024.jpg\" width=\"768\" height=\"1024\" alt=\"\" data-full-image=\"https:\/\/misericordiadesanfernando.com\/wp-content\/uploads\/2026\/07\/753694653_1489575099870950_3401579820704179649_n.jpg\" data-light-image=\"https:\/\/misericordiadesanfernando.com\/wp-content\/uploads\/2026\/07\/753694653_1489575099870950_3401579820704179649_n.jpg\" data-id=\"6556\" class=\"wp-image-6556\" srcset=\"https:\/\/misericordiadesanfernando.com\/wp-content\/uploads\/2026\/07\/753694653_1489575099870950_3401579820704179649_n-768x1024.jpg 768w, https:\/\/misericordiadesanfernando.com\/wp-content\/uploads\/2026\/07\/753694653_1489575099870950_3401579820704179649_n-225x300.jpg 225w, https:\/\/misericordiadesanfernando.com\/wp-content\/uploads\/2026\/07\/753694653_1489575099870950_3401579820704179649_n.jpg 960w\" sizes=\"auto, (max-width: 768px) 100vw, 768px\" \/><\/div><\/div><\/figure><\/div><\/li><li class=\"kadence-blocks-gallery-item\" tabindex=\"0\"><div class=\"kadence-blocks-gallery-item-inner\"><figure class=\"kb-gallery-figure kadence-blocks-gallery-item-hide-caption\"><div class=\"kb-gal-image-radius\" style=\"max-width:768px;\"><div class=\"kb-gallery-image-contain kadence-blocks-gallery-intrinsic\" style=\"padding-bottom:133%;\"><img loading=\"lazy\" decoding=\"async\" src=\"https:\/\/misericordiadesanfernando.com\/wp-content\/uploads\/2026\/07\/753247365_1489575093204284_733706108086847650_n-768x1024.jpg\" width=\"768\" height=\"1024\" alt=\"\" data-full-image=\"https:\/\/misericordiadesanfernando.com\/wp-content\/uploads\/2026\/07\/753247365_1489575093204284_733706108086847650_n.jpg\" data-light-image=\"https:\/\/misericordiadesanfernando.com\/wp-content\/uploads\/2026\/07\/753247365_1489575093204284_733706108086847650_n.jpg\" data-id=\"6557\" class=\"wp-image-6557\" srcset=\"https:\/\/misericordiadesanfernando.com\/wp-content\/uploads\/2026\/07\/753247365_1489575093204284_733706108086847650_n-768x1024.jpg 768w, https:\/\/misericordiadesanfernando.com\/wp-content\/uploads\/2026\/07\/753247365_1489575093204284_733706108086847650_n-225x300.jpg 225w, https:\/\/misericordiadesanfernando.com\/wp-content\/uploads\/2026\/07\/753247365_1489575093204284_733706108086847650_n.jpg 960w\" sizes=\"auto, (max-width: 768px) 100vw, 768px\" \/><\/div><\/div><\/figure><\/div><\/li><\/ul><\/div>","protected":false},"excerpt":{"rendered":"<p>La Hermandad Sacramental y Carmelitana de la Misericordia ha recibido con profunda alegr\u00eda la noticia de la entrega, el pasado 13 de julio, de la Positio super virtutibus de la&hellip;<\/p>\n","protected":false},"author":3,"featured_media":0,"comment_status":"closed","ping_status":"closed","sticky":false,"template":"","format":"standard","meta":{"footnotes":""},"categories":[39],"tags":[],"class_list":["post-6555","post","type-post","status-publish","format-standard","hentry","category-actualidad"],"_links":{"self":[{"href":"https:\/\/misericordiadesanfernando.com\/index.php\/wp-json\/wp\/v2\/posts\/6555","targetHints":{"allow":["GET"]}}],"collection":[{"href":"https:\/\/misericordiadesanfernando.com\/index.php\/wp-json\/wp\/v2\/posts"}],"about":[{"href":"https:\/\/misericordiadesanfernando.com\/index.php\/wp-json\/wp\/v2\/types\/post"}],"author":[{"embeddable":true,"href":"https:\/\/misericordiadesanfernando.com\/index.php\/wp-json\/wp\/v2\/users\/3"}],"replies":[{"embeddable":true,"href":"https:\/\/misericordiadesanfernando.com\/index.php\/wp-json\/wp\/v2\/comments?post=6555"}],"version-history":[{"count":1,"href":"https:\/\/misericordiadesanfernando.com\/index.php\/wp-json\/wp\/v2\/posts\/6555\/revisions"}],"predecessor-version":[{"id":6558,"href":"https:\/\/misericordiadesanfernando.com\/index.php\/wp-json\/wp\/v2\/posts\/6555\/revisions\/6558"}],"wp:attachment":[{"href":"https:\/\/misericordiadesanfernando.com\/index.php\/wp-json\/wp\/v2\/media?parent=6555"}],"wp:term":[{"taxonomy":"category","embeddable":true,"href":"https:\/\/misericordiadesanfernando.com\/index.php\/wp-json\/wp\/v2\/categories?post=6555"},{"taxonomy":"post_tag","embeddable":true,"href":"https:\/\/misericordiadesanfernando.com\/index.php\/wp-json\/wp\/v2\/tags?post=6555"}],"curies":[{"name":"wp","href":"https:\/\/api.w.org\/{rel}","templated":true}]}}