{"id":6537,"date":"2026-07-23T13:37:31","date_gmt":"2026-07-23T11:37:31","guid":{"rendered":"https:\/\/misericordiadesanfernando.com\/?p=6537"},"modified":"2026-07-23T13:37:32","modified_gmt":"2026-07-23T11:37:32","slug":"la-hermandad-de-la-misericordia-vuelve-a-lanzar-una-campana-de-ayuda-escolar-para-familias-en-situacion-de-necesidad-accion-social","status":"publish","type":"post","link":"https:\/\/misericordiadesanfernando.com\/index.php\/2026\/07\/23\/la-hermandad-de-la-misericordia-vuelve-a-lanzar-una-campana-de-ayuda-escolar-para-familias-en-situacion-de-necesidad-accion-social\/","title":{"rendered":"LA HERMANDAD DE LA MISERICORDIA VUELVE A LANZAR UNA CAMPA\u00d1A DE AYUDA ESCOLAR PARA FAMILIAS EN SITUACI\u00d3N DE NECESIDAD | Acci\u00f3n Social"},"content":{"rendered":"\n<p class=\"wp-block-paragraph\">La Hermandad de la Misericordia, fiel a su compromiso cristiano y fraterno, pone en marcha un a\u00f1o m\u00e1s su tradicional campa\u00f1a de recogida de material escolar, destinada a apoyar a las familias con mayores dificultades econ\u00f3micas de nuestra parroquia.<\/p>\n\n\n\n<p class=\"wp-block-paragraph\">Gracias a la generosidad de muchos hermanos y devotos, cada a\u00f1o numerosos ni\u00f1os y ni\u00f1as pueden comenzar el curso escolar con todo lo necesario para afrontar sus estudios con dignidad y plenitud. Este gesto solidario se ha convertido en un s\u00edmbolo de amor fraterno que nos fortalece como cristianos.<\/p>\n\n\n\n<p class=\"wp-block-paragraph\">La Hermandad quiere hacer un especial llamamiento a sus propios hermanos y hermanas. Sabemos que en determinadas circunstancias puede resultar dif\u00edcil dar el paso de solicitar ayuda. Por ello, animamos encarecidamente a todas las familias que pertenezcan a la Misericordia y que est\u00e9n atravesando una situaci\u00f3n complicada, a que no duden en comunicar sus necesidades.<\/p>\n\n\n\n<p class=\"wp-block-paragraph\">Si alguno de nuestros hijos cursan estudios en las etapas de Infantil, Primaria o Secundaria y necesita material escolar, la Hermandad est\u00e1 aqu\u00ed para tender la mano, como una verdadera familia en la fe. Todas las solicitudes ser\u00e1n tratadas con absoluta discreci\u00f3n y anonimato, como corresponde a nuestro esp\u00edritu evang\u00e9lico y a los valores que nos inspiran.<\/p>\n\n\n\n<p class=\"wp-block-paragraph\">Las peticiones podr\u00e1n hacerse llegar hasta el pr\u00f3ximo 15 de agosto, contactando de forma privada con la Junta de Gobierno o respondiendo directamente al canal habitual de comunicaci\u00f3n de la Hermandad.<\/p>\n\n\n\n<p class=\"wp-block-paragraph\">Que la Misericordia de Jes\u00fas y la Piedad de Mar\u00eda sigan siendo luz para nuestras familias.<\/p>\n\n\n\n<p class=\"wp-block-paragraph\">\u2709\ufe0f misericordiadesanfernando@gmail.com<\/p>\n\n\n\n<figure class=\"wp-block-image size-full\"><img loading=\"lazy\" decoding=\"async\" width=\"960\" height=\"720\" src=\"https:\/\/misericordiadesanfernando.com\/wp-content\/uploads\/2026\/07\/IMG_5325.jpeg\" alt=\"\" class=\"wp-image-6538\" srcset=\"https:\/\/misericordiadesanfernando.com\/wp-content\/uploads\/2026\/07\/IMG_5325.jpeg 960w, https:\/\/misericordiadesanfernando.com\/wp-content\/uploads\/2026\/07\/IMG_5325-300x225.jpeg 300w, https:\/\/misericordiadesanfernando.com\/wp-content\/uploads\/2026\/07\/IMG_5325-768x576.jpeg 768w\" sizes=\"auto, (max-width: 960px) 100vw, 960px\" \/><\/figure>\n","protected":false},"excerpt":{"rendered":"<p>La Hermandad de la Misericordia, fiel a su compromiso cristiano y fraterno, pone en marcha un a\u00f1o m\u00e1s su tradicional campa\u00f1a de recogida de material escolar, destinada a apoyar a&hellip;<\/p>\n","protected":false},"author":3,"featured_media":0,"comment_status":"closed","ping_status":"closed","sticky":false,"template":"","format":"standard","meta":{"footnotes":""},"categories":[39],"tags":[],"class_list":["post-6537","post","type-post","status-publish","format-standard","hentry","category-actualidad"],"_links":{"self":[{"href":"https:\/\/misericordiadesanfernando.com\/index.php\/wp-json\/wp\/v2\/posts\/6537","targetHints":{"allow":["GET"]}}],"collection":[{"href":"https:\/\/misericordiadesanfernando.com\/index.php\/wp-json\/wp\/v2\/posts"}],"about":[{"href":"https:\/\/misericordiadesanfernando.com\/index.php\/wp-json\/wp\/v2\/types\/post"}],"author":[{"embeddable":true,"href":"https:\/\/misericordiadesanfernando.com\/index.php\/wp-json\/wp\/v2\/users\/3"}],"replies":[{"embeddable":true,"href":"https:\/\/misericordiadesanfernando.com\/index.php\/wp-json\/wp\/v2\/comments?post=6537"}],"version-history":[{"count":1,"href":"https:\/\/misericordiadesanfernando.com\/index.php\/wp-json\/wp\/v2\/posts\/6537\/revisions"}],"predecessor-version":[{"id":6539,"href":"https:\/\/misericordiadesanfernando.com\/index.php\/wp-json\/wp\/v2\/posts\/6537\/revisions\/6539"}],"wp:attachment":[{"href":"https:\/\/misericordiadesanfernando.com\/index.php\/wp-json\/wp\/v2\/media?parent=6537"}],"wp:term":[{"taxonomy":"category","embeddable":true,"href":"https:\/\/misericordiadesanfernando.com\/index.php\/wp-json\/wp\/v2\/categories?post=6537"},{"taxonomy":"post_tag","embeddable":true,"href":"https:\/\/misericordiadesanfernando.com\/index.php\/wp-json\/wp\/v2\/tags?post=6537"}],"curies":[{"name":"wp","href":"https:\/\/api.w.org\/{rel}","templated":true}]}}