{"id":6534,"date":"2026-07-21T13:00:31","date_gmt":"2026-07-21T11:00:31","guid":{"rendered":"https:\/\/misericordiadesanfernando.com\/?p=6534"},"modified":"2026-07-21T13:00:33","modified_gmt":"2026-07-21T11:00:33","slug":"tres-anos-de-servicio-a-la-hermandad-palabras-del-hermano-mayor","status":"publish","type":"post","link":"https:\/\/misericordiadesanfernando.com\/index.php\/2026\/07\/21\/tres-anos-de-servicio-a-la-hermandad-palabras-del-hermano-mayor\/","title":{"rendered":"TRES A\u00d1OS DE SERVICIO A LA HERMANDAD | Palabras del Hermano Mayor"},"content":{"rendered":"\n<p class=\"wp-block-paragraph\">Queridos hermanos:<\/p>\n\n\n\n<p class=\"wp-block-paragraph\">Hoy se cumplen tres a\u00f1os desde que nuestra Hermandad celebr\u00f3 el Cabildo General de Elecciones en el que depositasteis vuestra confianza en la actual Junta de Gobierno para asumir la responsabilidad de dirigir el caminar de nuestra Corporaci\u00f3n.<\/p>\n\n\n\n<p class=\"wp-block-paragraph\">Transcurrido este tiempo, solo podemos dar gracias a Dios y a nuestros Sagrados Titulares por permitirnos seguir trabajando con la misma ilusi\u00f3n del primer d\u00eda. Han sido a\u00f1os de intenso trabajo, en los que hemos procurado fortalecer la vida cultual de la Hermandad, impulsar nuevos proyectos patrimoniales y continuar haciendo crecer nuestra familia desde la unidad y el compromiso de todos.<\/p>\n\n\n\n<p class=\"wp-block-paragraph\">Los \u00faltimos meses son buena muestra de ello. Hemos vivido con intensidad los cultos en honor de Jes\u00fas Sacramentado, hemos celebrado por primera vez una jornada dedicada a la Santa Mujer Ver\u00f3nica y seguimos avanzando con paso firme en uno de los grandes proyectos de este mandato: el nuevo altar para Mar\u00eda Sant\u00edsima de la Piedad, cuya primera fase se encuentra pr\u00e1cticamente finalizada. Del mismo modo, continuamos trabajando en nuevas iniciativas que, siempre con el respaldo de los hermanos reunidos en Cabildo General, marcar\u00e1n el futuro de nuestra Hermandad.<\/p>\n\n\n\n<p class=\"wp-block-paragraph\">Quiero aprovechar esta fecha para agradecer, de coraz\u00f3n, el esfuerzo, la entrega y la confianza de cuantos hac\u00e9is posible la vida de la Misericordia: hermanos, colaboradores, benefactores y miembros de la Junta de Gobierno. Todo cuanto estamos consiguiendo es fruto del trabajo compartido y del amor que profesamos a nuestros Sagrados Titulares.<\/p>\n\n\n\n<p class=\"wp-block-paragraph\">Os animo a seguir caminando juntos durante el tiempo que resta de este mandato, con la misma ilusi\u00f3n, responsabilidad y esp\u00edritu de servicio. Encomendemos nuestro trabajo a Nuestro Padre Jes\u00fas de la Misericordia, a Mar\u00eda Sant\u00edsima de la Piedad, a la Santa Mujer Ver\u00f3nica y a los Santos Cosme y Dami\u00e1n, pidiendo tambi\u00e9n la intercesi\u00f3n de la Sierva de Dios, la Hermana Mar\u00eda Cristina de Jes\u00fas Sacramentado, para que contin\u00fae guiando nuestros pasos.<\/p>\n\n\n\n<p class=\"wp-block-paragraph\">Un fuerte abrazo en Cristo.<\/p>\n\n\n\n<p class=\"wp-block-paragraph\">Manuel \u00c1ngel G\u00f3mez Arag\u00f3n<br>-Hermano Mayor-<\/p>\n\n\n\n<figure class=\"wp-block-image size-large\"><img loading=\"lazy\" decoding=\"async\" width=\"1024\" height=\"768\" src=\"https:\/\/misericordiadesanfernando.com\/wp-content\/uploads\/2026\/07\/IMG_5123-1-1024x768.jpeg\" alt=\"\" class=\"wp-image-6535\" srcset=\"https:\/\/misericordiadesanfernando.com\/wp-content\/uploads\/2026\/07\/IMG_5123-1-1024x768.jpeg 1024w, https:\/\/misericordiadesanfernando.com\/wp-content\/uploads\/2026\/07\/IMG_5123-1-300x225.jpeg 300w, https:\/\/misericordiadesanfernando.com\/wp-content\/uploads\/2026\/07\/IMG_5123-1-768x576.jpeg 768w, https:\/\/misericordiadesanfernando.com\/wp-content\/uploads\/2026\/07\/IMG_5123-1-1536x1152.jpeg 1536w, https:\/\/misericordiadesanfernando.com\/wp-content\/uploads\/2026\/07\/IMG_5123-1-2048x1536.jpeg 2048w\" sizes=\"auto, (max-width: 1024px) 100vw, 1024px\" \/><\/figure>\n","protected":false},"excerpt":{"rendered":"<p>Queridos hermanos: Hoy se cumplen tres a\u00f1os desde que nuestra Hermandad celebr\u00f3 el Cabildo General de Elecciones en el que depositasteis vuestra confianza en la actual Junta de Gobierno para&hellip;<\/p>\n","protected":false},"author":3,"featured_media":0,"comment_status":"closed","ping_status":"closed","sticky":false,"template":"","format":"standard","meta":{"footnotes":""},"categories":[39],"tags":[],"class_list":["post-6534","post","type-post","status-publish","format-standard","hentry","category-actualidad"],"_links":{"self":[{"href":"https:\/\/misericordiadesanfernando.com\/index.php\/wp-json\/wp\/v2\/posts\/6534","targetHints":{"allow":["GET"]}}],"collection":[{"href":"https:\/\/misericordiadesanfernando.com\/index.php\/wp-json\/wp\/v2\/posts"}],"about":[{"href":"https:\/\/misericordiadesanfernando.com\/index.php\/wp-json\/wp\/v2\/types\/post"}],"author":[{"embeddable":true,"href":"https:\/\/misericordiadesanfernando.com\/index.php\/wp-json\/wp\/v2\/users\/3"}],"replies":[{"embeddable":true,"href":"https:\/\/misericordiadesanfernando.com\/index.php\/wp-json\/wp\/v2\/comments?post=6534"}],"version-history":[{"count":1,"href":"https:\/\/misericordiadesanfernando.com\/index.php\/wp-json\/wp\/v2\/posts\/6534\/revisions"}],"predecessor-version":[{"id":6536,"href":"https:\/\/misericordiadesanfernando.com\/index.php\/wp-json\/wp\/v2\/posts\/6534\/revisions\/6536"}],"wp:attachment":[{"href":"https:\/\/misericordiadesanfernando.com\/index.php\/wp-json\/wp\/v2\/media?parent=6534"}],"wp:term":[{"taxonomy":"category","embeddable":true,"href":"https:\/\/misericordiadesanfernando.com\/index.php\/wp-json\/wp\/v2\/categories?post=6534"},{"taxonomy":"post_tag","embeddable":true,"href":"https:\/\/misericordiadesanfernando.com\/index.php\/wp-json\/wp\/v2\/tags?post=6534"}],"curies":[{"name":"wp","href":"https:\/\/api.w.org\/{rel}","templated":true}]}}