{"id":6530,"date":"2026-07-20T21:14:24","date_gmt":"2026-07-20T19:14:24","guid":{"rendered":"https:\/\/misericordiadesanfernando.com\/?p=6530"},"modified":"2026-07-20T21:14:25","modified_gmt":"2026-07-20T19:14:25","slug":"gracias-por-hacer-posible-un-ano-mas-cortijo-piedad-1975-feria-del-carmen-y-de-la-sal-2026","status":"publish","type":"post","link":"https:\/\/misericordiadesanfernando.com\/index.php\/2026\/07\/20\/gracias-por-hacer-posible-un-ano-mas-cortijo-piedad-1975-feria-del-carmen-y-de-la-sal-2026\/","title":{"rendered":"GRACIAS POR HACER POSIBLE UN A\u00d1O M\u00c1S CORTIJO PIEDAD 1975 | Feria del Carmen y de la Sal 2026"},"content":{"rendered":"\n<p class=\"wp-block-paragraph\">Con el cierre de una nueva Feria del Carmen y de la Sal, solo podemos pronunciar una palabra: GRACIAS.<\/p>\n\n\n\n<p class=\"wp-block-paragraph\">Gracias a todos los hermanos, familiares y amigos que, un a\u00f1o m\u00e1s, hab\u00e9is hecho de CORTIJO PIEDAD 1975 el aut\u00e9ntico punto de encuentro de la gran familia de la Misericordia. Han sido d\u00edas de convivencia, alegr\u00eda, reencuentros y momentos que quedar\u00e1n para el recuerdo, entre ellos la inolvidable celebraci\u00f3n de la victoria de la Selecci\u00f3n Espa\u00f1ola, que vivimos unidos y con un ambiente extraordinario.<\/p>\n\n\n\n<p class=\"wp-block-paragraph\">Nuestro agradecimiento se hace extensivo a todas las empresas y colaboradores que han querido sumarse a este proyecto como patrocinadores, haciendo posible que nuestra caseta siga creciendo y consolid\u00e1ndose como un lugar de referencia durante la feria.<\/p>\n\n\n\n<p class=\"wp-block-paragraph\">Y, de una manera muy especial, queremos expresar nuestro reconocimiento a El Rinconcito Gallego, que han demostrado su compromiso con nuestra Hermandad, ofreci\u00e9ndonos una magn\u00edfica cocina, un servicio impecable y el cari\u00f1o de quienes trabajan para que cada hermano y visitante se sienta como en casa.<\/p>\n\n\n\n<p class=\"wp-block-paragraph\">Gracias tambi\u00e9n a todos los que, con su entrega silenciosa y desinteresada, han dedicado su tiempo y esfuerzo para que cada detalle estuviera a la altura. Sin vosotros, nada de esto habr\u00eda sido posible.<\/p>\n\n\n\n<p class=\"wp-block-paragraph\">Nos despedimos con la satisfacci\u00f3n del deber cumplido y con la ilusi\u00f3n de volver a encontrarnos el pr\u00f3ximo a\u00f1o.<\/p>\n\n\n\n<p class=\"wp-block-paragraph\">\u00a1GRACIAS!<\/p>\n\n\n<style>.wp-block-kadence-advancedgallery .kb-gallery-type-masonry.kb-gallery-id-6530_80f912-10{margin:-5px;}.kb-gallery-type-masonry.kb-gallery-id-6530_80f912-10 .kadence-blocks-gallery-item{padding:5px;}.kb-gallery-id-6530_80f912-10 .kadence-blocks-gallery-item .kb-gal-image-radius, .kb-gallery-id-6530_80f912-10 .kb-slide-item .kb-gal-image-radius img{border-radius:0px 0px 0px 0px;;}<\/style><div class=\"kb-gallery-wrap-id-6530_80f912-10 alignnone wp-block-kadence-advancedgallery\"><ul class=\"kb-gallery-ul kb-gallery-non-static kb-gallery-type-masonry kb-masonry-init kb-gallery-id-6530_80f912-10 kb-gallery-caption-style-bottom-hover kb-gallery-filter-none\" data-image-filter=\"none\" data-item-selector=\".kadence-blocks-gallery-item\" data-lightbox-caption=\"true\" data-columns-xxl=\"3\" data-columns-xl=\"3\" data-columns-md=\"3\" data-columns-sm=\"2\" data-columns-xs=\"1\" data-columns-ss=\"1\"><li class=\"kadence-blocks-gallery-item\" tabindex=\"0\"><div class=\"kadence-blocks-gallery-item-inner\"><figure class=\"kb-gallery-figure kadence-blocks-gallery-item-hide-caption\"><div class=\"kb-gal-image-radius\" style=\"max-width:960px;\"><div class=\"kb-gallery-image-contain kadence-blocks-gallery-intrinsic\" style=\"padding-bottom:75%;\"><img loading=\"lazy\" decoding=\"async\" src=\"https:\/\/misericordiadesanfernando.com\/wp-content\/uploads\/2026\/07\/IMG_5302.jpeg\" width=\"960\" height=\"720\" alt=\"\" data-full-image=\"https:\/\/misericordiadesanfernando.com\/wp-content\/uploads\/2026\/07\/IMG_5302.jpeg\" data-light-image=\"https:\/\/misericordiadesanfernando.com\/wp-content\/uploads\/2026\/07\/IMG_5302.jpeg\" data-id=\"6531\" class=\"wp-image-6531\" srcset=\"https:\/\/misericordiadesanfernando.com\/wp-content\/uploads\/2026\/07\/IMG_5302.jpeg 960w, https:\/\/misericordiadesanfernando.com\/wp-content\/uploads\/2026\/07\/IMG_5302-300x225.jpeg 300w, https:\/\/misericordiadesanfernando.com\/wp-content\/uploads\/2026\/07\/IMG_5302-768x576.jpeg 768w\" sizes=\"auto, (max-width: 960px) 100vw, 960px\" \/><\/div><\/div><\/figure><\/div><\/li><li class=\"kadence-blocks-gallery-item\" tabindex=\"0\"><div class=\"kadence-blocks-gallery-item-inner\"><figure class=\"kb-gallery-figure kadence-blocks-gallery-item-hide-caption\"><div class=\"kb-gal-image-radius\" style=\"max-width:900px;\"><div class=\"kb-gallery-image-contain kadence-blocks-gallery-intrinsic\" style=\"padding-bottom:75%;\"><img loading=\"lazy\" decoding=\"async\" src=\"https:\/\/misericordiadesanfernando.com\/wp-content\/uploads\/2026\/07\/03bd7d84-afc1-4f3f-9299-f79103121ae8-1024x768.jpeg\" width=\"900\" height=\"675\" alt=\"\" data-full-image=\"https:\/\/misericordiadesanfernando.com\/wp-content\/uploads\/2026\/07\/03bd7d84-afc1-4f3f-9299-f79103121ae8.jpeg\" data-light-image=\"https:\/\/misericordiadesanfernando.com\/wp-content\/uploads\/2026\/07\/03bd7d84-afc1-4f3f-9299-f79103121ae8.jpeg\" data-id=\"6532\" class=\"wp-image-6532\" srcset=\"https:\/\/misericordiadesanfernando.com\/wp-content\/uploads\/2026\/07\/03bd7d84-afc1-4f3f-9299-f79103121ae8-1024x768.jpeg 1024w, https:\/\/misericordiadesanfernando.com\/wp-content\/uploads\/2026\/07\/03bd7d84-afc1-4f3f-9299-f79103121ae8-300x225.jpeg 300w, https:\/\/misericordiadesanfernando.com\/wp-content\/uploads\/2026\/07\/03bd7d84-afc1-4f3f-9299-f79103121ae8-768x576.jpeg 768w, https:\/\/misericordiadesanfernando.com\/wp-content\/uploads\/2026\/07\/03bd7d84-afc1-4f3f-9299-f79103121ae8-1536x1152.jpeg 1536w, https:\/\/misericordiadesanfernando.com\/wp-content\/uploads\/2026\/07\/03bd7d84-afc1-4f3f-9299-f79103121ae8.jpeg 2048w\" sizes=\"auto, (max-width: 900px) 100vw, 900px\" \/><\/div><\/div><\/figure><\/div><\/li><\/ul><\/div>","protected":false},"excerpt":{"rendered":"<p>Con el cierre de una nueva Feria del Carmen y de la Sal, solo podemos pronunciar una palabra: GRACIAS. Gracias a todos los hermanos, familiares y amigos que, un a\u00f1o&hellip;<\/p>\n","protected":false},"author":3,"featured_media":0,"comment_status":"closed","ping_status":"closed","sticky":false,"template":"","format":"standard","meta":{"footnotes":""},"categories":[39],"tags":[],"class_list":["post-6530","post","type-post","status-publish","format-standard","hentry","category-actualidad"],"_links":{"self":[{"href":"https:\/\/misericordiadesanfernando.com\/index.php\/wp-json\/wp\/v2\/posts\/6530","targetHints":{"allow":["GET"]}}],"collection":[{"href":"https:\/\/misericordiadesanfernando.com\/index.php\/wp-json\/wp\/v2\/posts"}],"about":[{"href":"https:\/\/misericordiadesanfernando.com\/index.php\/wp-json\/wp\/v2\/types\/post"}],"author":[{"embeddable":true,"href":"https:\/\/misericordiadesanfernando.com\/index.php\/wp-json\/wp\/v2\/users\/3"}],"replies":[{"embeddable":true,"href":"https:\/\/misericordiadesanfernando.com\/index.php\/wp-json\/wp\/v2\/comments?post=6530"}],"version-history":[{"count":1,"href":"https:\/\/misericordiadesanfernando.com\/index.php\/wp-json\/wp\/v2\/posts\/6530\/revisions"}],"predecessor-version":[{"id":6533,"href":"https:\/\/misericordiadesanfernando.com\/index.php\/wp-json\/wp\/v2\/posts\/6530\/revisions\/6533"}],"wp:attachment":[{"href":"https:\/\/misericordiadesanfernando.com\/index.php\/wp-json\/wp\/v2\/media?parent=6530"}],"wp:term":[{"taxonomy":"category","embeddable":true,"href":"https:\/\/misericordiadesanfernando.com\/index.php\/wp-json\/wp\/v2\/categories?post=6530"},{"taxonomy":"post_tag","embeddable":true,"href":"https:\/\/misericordiadesanfernando.com\/index.php\/wp-json\/wp\/v2\/tags?post=6530"}],"curies":[{"name":"wp","href":"https:\/\/api.w.org\/{rel}","templated":true}]}}