{"id":5095,"date":"2026-04-18T15:04:46","date_gmt":"2026-04-18T13:04:46","guid":{"rendered":"https:\/\/misericordiadesanfernando.com\/?p=5095"},"modified":"2026-04-18T15:04:47","modified_gmt":"2026-04-18T13:04:47","slug":"con-la-patrona-con-la-virgen-del-carmen-actualidad","status":"publish","type":"post","link":"https:\/\/misericordiadesanfernando.com\/index.php\/2026\/04\/18\/con-la-patrona-con-la-virgen-del-carmen-actualidad\/","title":{"rendered":"CON LA PATRONA; CON LA VIRGEN DEL CARMEN | Actualidad"},"content":{"rendered":"\n<p>La Hermandad de la Misericordia vive con profunda alegr\u00eda y orgullo haber contribuido al esplendor de la jornada celebrada en el Pante\u00f3n de Marinos Ilustres, donde la Sant\u00edsima Virgen del Carmen, Patrona de la Isla, ha presidido la solemne ceremonia de fe en su devoto besamanos.<\/p>\n\n\n\n<p>En este marco tan significativo, marcado por la conmemoraci\u00f3n del 125 aniversario de su patronazgo sobre la Armada, la Virgen ha acogido las s\u00faplicas y plegarias del pueblo de San Fernando en el incomparable y monumental presbiterio del Pante\u00f3n isle\u00f1o.<\/p>\n\n\n\n<p>Para tan se\u00f1alado acto, la Hermandad ha tenido el honor de ceder su juego de blandones, que han custodiado a la Sant\u00edsima Virgen, contribuyendo as\u00ed a realzar la solemnidad y belleza de una jornada que quedar\u00e1 grabada en la memoria de todos los fieles.<\/p>\n\n\n\n<figure class=\"wp-block-image size-full\"><img loading=\"lazy\" decoding=\"async\" width=\"960\" height=\"720\" src=\"https:\/\/misericordiadesanfernando.com\/wp-content\/uploads\/2026\/04\/673518734_1487427056092929_4151663291478262172_n.jpg\" alt=\"\" class=\"wp-image-5096\" srcset=\"https:\/\/misericordiadesanfernando.com\/wp-content\/uploads\/2026\/04\/673518734_1487427056092929_4151663291478262172_n.jpg 960w, https:\/\/misericordiadesanfernando.com\/wp-content\/uploads\/2026\/04\/673518734_1487427056092929_4151663291478262172_n-300x225.jpg 300w, https:\/\/misericordiadesanfernando.com\/wp-content\/uploads\/2026\/04\/673518734_1487427056092929_4151663291478262172_n-768x576.jpg 768w\" sizes=\"auto, (max-width: 960px) 100vw, 960px\" \/><\/figure>\n","protected":false},"excerpt":{"rendered":"<p>La Hermandad de la Misericordia vive con profunda alegr\u00eda y orgullo haber contribuido al esplendor de la jornada celebrada en el Pante\u00f3n de Marinos Ilustres, donde la Sant\u00edsima Virgen del&hellip;<\/p>\n","protected":false},"author":3,"featured_media":0,"comment_status":"closed","ping_status":"closed","sticky":false,"template":"","format":"standard","meta":{"footnotes":""},"categories":[39],"tags":[],"class_list":["post-5095","post","type-post","status-publish","format-standard","hentry","category-actualidad"],"_links":{"self":[{"href":"https:\/\/misericordiadesanfernando.com\/index.php\/wp-json\/wp\/v2\/posts\/5095","targetHints":{"allow":["GET"]}}],"collection":[{"href":"https:\/\/misericordiadesanfernando.com\/index.php\/wp-json\/wp\/v2\/posts"}],"about":[{"href":"https:\/\/misericordiadesanfernando.com\/index.php\/wp-json\/wp\/v2\/types\/post"}],"author":[{"embeddable":true,"href":"https:\/\/misericordiadesanfernando.com\/index.php\/wp-json\/wp\/v2\/users\/3"}],"replies":[{"embeddable":true,"href":"https:\/\/misericordiadesanfernando.com\/index.php\/wp-json\/wp\/v2\/comments?post=5095"}],"version-history":[{"count":1,"href":"https:\/\/misericordiadesanfernando.com\/index.php\/wp-json\/wp\/v2\/posts\/5095\/revisions"}],"predecessor-version":[{"id":5097,"href":"https:\/\/misericordiadesanfernando.com\/index.php\/wp-json\/wp\/v2\/posts\/5095\/revisions\/5097"}],"wp:attachment":[{"href":"https:\/\/misericordiadesanfernando.com\/index.php\/wp-json\/wp\/v2\/media?parent=5095"}],"wp:term":[{"taxonomy":"category","embeddable":true,"href":"https:\/\/misericordiadesanfernando.com\/index.php\/wp-json\/wp\/v2\/categories?post=5095"},{"taxonomy":"post_tag","embeddable":true,"href":"https:\/\/misericordiadesanfernando.com\/index.php\/wp-json\/wp\/v2\/tags?post=5095"}],"curies":[{"name":"wp","href":"https:\/\/api.w.org\/{rel}","templated":true}]}}