{"id":5077,"date":"2026-04-18T15:02:54","date_gmt":"2026-04-18T13:02:54","guid":{"rendered":"https:\/\/misericordiadesanfernando.com\/?p=5077"},"modified":"2026-04-18T15:02:55","modified_gmt":"2026-04-18T13:02:55","slug":"la-misericordia-recuerda-el-45-aniversario-del-nombramiento-como-hermano-de-honor-del-padre-arenas-actualidad","status":"publish","type":"post","link":"https:\/\/misericordiadesanfernando.com\/index.php\/2026\/04\/18\/la-misericordia-recuerda-el-45-aniversario-del-nombramiento-como-hermano-de-honor-del-padre-arenas-actualidad\/","title":{"rendered":"LA MISERICORDIA RECUERDA EL 45 ANIVERSARIO DEL NOMBRAMIENTO COMO HERMANO DE HONOR DEL PADRE ARENAS | Actualidad"},"content":{"rendered":"\n<p>La Hermandad de la Misericordia conmemora este a\u00f1o el 45 aniversario de un momento profundamente significativo en su historia: el nombramiento, en 1981, del Rvdo. P. D. Jos\u00e9 Mar\u00eda Arenas Gil como Hermano de Honor de la corporaci\u00f3n.<\/p>\n\n\n\n<p>P\u00e1rroco de la Divina Pastora desde 1954, el padre Arenas desempe\u00f1\u00f3 un papel esencial en la vida espiritual y comunitaria de la feligres\u00eda, siendo adem\u00e1s testigo y gu\u00eda en el nacimiento de la Hermandad de la Misericordia. Su largo y fecundo ministerio dej\u00f3 una huella imborrable en generaciones de isle\u00f1os, que encontraron en \u00e9l cercan\u00eda, entrega y un ejemplo constante de servicio.<\/p>\n\n\n\n<p>Este aniversario invita a volver la mirada a aquel emotivo acto, recogido en una fotograf\u00eda de la convivencia de despedida, donde qued\u00f3 reflejado el cari\u00f1o de toda la comunidad parroquial. En nombre de las hermandades, tom\u00f3 entonces la palabra el hermano mayor de la Misericordia de la \u00e9poca, Jos\u00e9 Carlos Fern\u00e1ndez Moreno, quien expres\u00f3 el agradecimiento sincero por todo el bien sembrado por el padre Arenas a lo largo de los a\u00f1os.<\/p>\n\n\n\n<p>El recuerdo de su figura permanece vivo tambi\u00e9n en la acci\u00f3n social de la hermandad. No en vano, hace ya 25 a\u00f1os, en 2001, se constituy\u00f3 una bolsa de caridad que lleva su nombre, destinada a canalizar la ayuda a personas y familias necesitadas, prolongando as\u00ed su legado de atenci\u00f3n a los m\u00e1s vulnerables.<\/p>\n\n\n\n<p>Como recordaba San Agust\u00edn: \u201c\u00bfQui\u00e9n es, pues, el verdadero rico? El que nada necesita\u201d. Una reflexi\u00f3n que bien podr\u00eda resumir la vida de quien, sin buscar nada para s\u00ed, lo dio todo por los dem\u00e1s.<\/p>\n\n\n\n<p>Hoy, cuarenta y cinco a\u00f1os despu\u00e9s de aquel nombramiento, la Hermandad de la Misericordia no solo evoca un t\u00edtulo honor\u00edfico, sino que reafirma la memoria agradecida hacia un pastor que hizo de su vocaci\u00f3n un camino de entrega plena.<\/p>\n\n\n\n<figure class=\"wp-block-image size-large\"><img loading=\"lazy\" decoding=\"async\" width=\"1024\" height=\"686\" src=\"https:\/\/misericordiadesanfernando.com\/wp-content\/uploads\/2026\/04\/672074928_27046411338296020_5598906699721044337_n-1024x686.jpg\" alt=\"\" class=\"wp-image-5078\" srcset=\"https:\/\/misericordiadesanfernando.com\/wp-content\/uploads\/2026\/04\/672074928_27046411338296020_5598906699721044337_n-1024x686.jpg 1024w, https:\/\/misericordiadesanfernando.com\/wp-content\/uploads\/2026\/04\/672074928_27046411338296020_5598906699721044337_n-300x201.jpg 300w, https:\/\/misericordiadesanfernando.com\/wp-content\/uploads\/2026\/04\/672074928_27046411338296020_5598906699721044337_n-768x515.jpg 768w, https:\/\/misericordiadesanfernando.com\/wp-content\/uploads\/2026\/04\/672074928_27046411338296020_5598906699721044337_n-150x100.jpg 150w, https:\/\/misericordiadesanfernando.com\/wp-content\/uploads\/2026\/04\/672074928_27046411338296020_5598906699721044337_n.jpg 1162w\" sizes=\"auto, (max-width: 1024px) 100vw, 1024px\" \/><\/figure>\n","protected":false},"excerpt":{"rendered":"<p>La Hermandad de la Misericordia conmemora este a\u00f1o el 45 aniversario de un momento profundamente significativo en su historia: el nombramiento, en 1981, del Rvdo. P. D. Jos\u00e9 Mar\u00eda Arenas&hellip;<\/p>\n","protected":false},"author":3,"featured_media":0,"comment_status":"closed","ping_status":"closed","sticky":false,"template":"","format":"standard","meta":{"footnotes":""},"categories":[39],"tags":[],"class_list":["post-5077","post","type-post","status-publish","format-standard","hentry","category-actualidad"],"_links":{"self":[{"href":"https:\/\/misericordiadesanfernando.com\/index.php\/wp-json\/wp\/v2\/posts\/5077","targetHints":{"allow":["GET"]}}],"collection":[{"href":"https:\/\/misericordiadesanfernando.com\/index.php\/wp-json\/wp\/v2\/posts"}],"about":[{"href":"https:\/\/misericordiadesanfernando.com\/index.php\/wp-json\/wp\/v2\/types\/post"}],"author":[{"embeddable":true,"href":"https:\/\/misericordiadesanfernando.com\/index.php\/wp-json\/wp\/v2\/users\/3"}],"replies":[{"embeddable":true,"href":"https:\/\/misericordiadesanfernando.com\/index.php\/wp-json\/wp\/v2\/comments?post=5077"}],"version-history":[{"count":1,"href":"https:\/\/misericordiadesanfernando.com\/index.php\/wp-json\/wp\/v2\/posts\/5077\/revisions"}],"predecessor-version":[{"id":5079,"href":"https:\/\/misericordiadesanfernando.com\/index.php\/wp-json\/wp\/v2\/posts\/5077\/revisions\/5079"}],"wp:attachment":[{"href":"https:\/\/misericordiadesanfernando.com\/index.php\/wp-json\/wp\/v2\/media?parent=5077"}],"wp:term":[{"taxonomy":"category","embeddable":true,"href":"https:\/\/misericordiadesanfernando.com\/index.php\/wp-json\/wp\/v2\/categories?post=5077"},{"taxonomy":"post_tag","embeddable":true,"href":"https:\/\/misericordiadesanfernando.com\/index.php\/wp-json\/wp\/v2\/tags?post=5077"}],"curies":[{"name":"wp","href":"https:\/\/api.w.org\/{rel}","templated":true}]}}