{"id":4905,"date":"2026-04-09T15:45:42","date_gmt":"2026-04-09T13:45:42","guid":{"rendered":"https:\/\/misericordiadesanfernando.com\/?p=4905"},"modified":"2026-04-09T15:45:43","modified_gmt":"2026-04-09T13:45:43","slug":"bajo-la-piedad-la-misericordia-dice-si-a-la-vida-actualidad","status":"publish","type":"post","link":"https:\/\/misericordiadesanfernando.com\/index.php\/2026\/04\/09\/bajo-la-piedad-la-misericordia-dice-si-a-la-vida-actualidad\/","title":{"rendered":"BAJO LA PIEDAD, LA MISERICORDIA DICE \u201cS\u00cd A LA VIDA\u201d | Actualidad"},"content":{"rendered":"\n<p>Ante la decisi\u00f3n del Gobierno de Espa\u00f1a de impulsar una reforma constitucional orientada a reconocer el aborto como derecho, la Hermandad de la Misericordia desea manifestar p\u00fablicamente su desacuerdo firme, sereno y categ\u00f3rico con dicha iniciativa.<\/p>\n\n\n\n<p>Como corporaci\u00f3n que vive y camina a la luz del Evangelio, y bajo la mirada amorosa de Mar\u00eda Sant\u00edsima de la Piedad, reafirmamos nuestra convicci\u00f3n de que toda vida humana existe desde el mismo instante de la concepci\u00f3n y, por tanto, merece ser acogida, respetada y protegida sin excepci\u00f3n. El aborto supone la eliminaci\u00f3n del m\u00e1s indefenso de los seres humanos, priv\u00e1ndole del don primero y fundamental: el de la vida.<\/p>\n\n\n\n<p>La defensa de la vida no es solo un principio religioso, sino tambi\u00e9n una exigencia que brota de la raz\u00f3n, de la conciencia moral y del reconocimiento de la dignidad intr\u00ednseca de toda persona. Por ello, entendemos que ninguna legislaci\u00f3n puede situarse por encima de este valor fundamental, ni convertir en derecho aquello que atenta contra la vida misma.<\/p>\n\n\n\n<p>Desde nuestra identidad cristiana y cofrade, hacemos un llamamiento a la responsabilidad de quienes tienen en sus manos la labor legislativa, para que promuevan una cultura de la vida, del cuidado y de la protecci\u00f3n de los m\u00e1s vulnerables. Asimismo, invitamos a todos los hermanos, fieles y devotos a renovar su compromiso con la defensa de la vida, acompa\u00f1ando con caridad, cercan\u00eda y esperanza a quienes atraviesan situaciones de dificultad.<\/p>\n\n\n\n<p>Que Mar\u00eda Sant\u00edsima de la Piedad, Madre que acoge y consuela, nos gu\u00ede siempre por el camino de la verdad, la misericordia y la defensa de la vida.<\/p>\n\n\n\n<figure class=\"wp-block-image size-large\"><img loading=\"lazy\" decoding=\"async\" width=\"1024\" height=\"683\" src=\"https:\/\/misericordiadesanfernando.com\/wp-content\/uploads\/2026\/04\/IMG_1367-1024x683.jpeg\" alt=\"\" class=\"wp-image-4906\" srcset=\"https:\/\/misericordiadesanfernando.com\/wp-content\/uploads\/2026\/04\/IMG_1367-1024x683.jpeg 1024w, https:\/\/misericordiadesanfernando.com\/wp-content\/uploads\/2026\/04\/IMG_1367-300x200.jpeg 300w, https:\/\/misericordiadesanfernando.com\/wp-content\/uploads\/2026\/04\/IMG_1367-768x512.jpeg 768w, https:\/\/misericordiadesanfernando.com\/wp-content\/uploads\/2026\/04\/IMG_1367-1536x1025.jpeg 1536w, https:\/\/misericordiadesanfernando.com\/wp-content\/uploads\/2026\/04\/IMG_1367-150x100.jpeg 150w, https:\/\/misericordiadesanfernando.com\/wp-content\/uploads\/2026\/04\/IMG_1367.jpeg 2048w\" sizes=\"auto, (max-width: 1024px) 100vw, 1024px\" \/><\/figure>\n","protected":false},"excerpt":{"rendered":"<p>Ante la decisi\u00f3n del Gobierno de Espa\u00f1a de impulsar una reforma constitucional orientada a reconocer el aborto como derecho, la Hermandad de la Misericordia desea manifestar p\u00fablicamente su desacuerdo firme,&hellip;<\/p>\n","protected":false},"author":3,"featured_media":0,"comment_status":"closed","ping_status":"closed","sticky":false,"template":"","format":"standard","meta":{"footnotes":""},"categories":[39],"tags":[],"class_list":["post-4905","post","type-post","status-publish","format-standard","hentry","category-actualidad"],"_links":{"self":[{"href":"https:\/\/misericordiadesanfernando.com\/index.php\/wp-json\/wp\/v2\/posts\/4905","targetHints":{"allow":["GET"]}}],"collection":[{"href":"https:\/\/misericordiadesanfernando.com\/index.php\/wp-json\/wp\/v2\/posts"}],"about":[{"href":"https:\/\/misericordiadesanfernando.com\/index.php\/wp-json\/wp\/v2\/types\/post"}],"author":[{"embeddable":true,"href":"https:\/\/misericordiadesanfernando.com\/index.php\/wp-json\/wp\/v2\/users\/3"}],"replies":[{"embeddable":true,"href":"https:\/\/misericordiadesanfernando.com\/index.php\/wp-json\/wp\/v2\/comments?post=4905"}],"version-history":[{"count":1,"href":"https:\/\/misericordiadesanfernando.com\/index.php\/wp-json\/wp\/v2\/posts\/4905\/revisions"}],"predecessor-version":[{"id":4907,"href":"https:\/\/misericordiadesanfernando.com\/index.php\/wp-json\/wp\/v2\/posts\/4905\/revisions\/4907"}],"wp:attachment":[{"href":"https:\/\/misericordiadesanfernando.com\/index.php\/wp-json\/wp\/v2\/media?parent=4905"}],"wp:term":[{"taxonomy":"category","embeddable":true,"href":"https:\/\/misericordiadesanfernando.com\/index.php\/wp-json\/wp\/v2\/categories?post=4905"},{"taxonomy":"post_tag","embeddable":true,"href":"https:\/\/misericordiadesanfernando.com\/index.php\/wp-json\/wp\/v2\/tags?post=4905"}],"curies":[{"name":"wp","href":"https:\/\/api.w.org\/{rel}","templated":true}]}}