{"id":4894,"date":"2026-04-08T21:56:05","date_gmt":"2026-04-08T19:56:05","guid":{"rendered":"https:\/\/misericordiadesanfernando.com\/?p=4894"},"modified":"2026-04-08T21:56:06","modified_gmt":"2026-04-08T19:56:06","slug":"felicitacion-padre-provincial-carmelita-de-iberica","status":"publish","type":"post","link":"https:\/\/misericordiadesanfernando.com\/index.php\/2026\/04\/08\/felicitacion-padre-provincial-carmelita-de-iberica\/","title":{"rendered":"FELICITACI\u00d3N | Padre Provincial Carmelita de Ib\u00e9rica"},"content":{"rendered":"\n<p>La Hermandad de la Misericordia quiere compartir con todos sus hermanos, fieles y devotos una noticia que acogemos con profunda alegr\u00eda y sincero orgullo.<\/p>\n\n\n\n<p>La Provincia Ib\u00e9rica del Carmelo Descalzo contin\u00faa su caminar con esperanza tras la celebraci\u00f3n de su IV Cap\u00edtulo Provincial, en el que ha sido reelegido el P. Francisco S\u00e1nchez Oreja como Provincial para el pr\u00f3ximo trienio.<\/p>\n\n\n\n<p>Desde nuestra Hermandad felicitamos cordialmente al Padre Francisco por esta renovaci\u00f3n en su servicio, que es reflejo de la confianza depositada en su persona y del camino de entrega que viene realizando. Su reelecci\u00f3n supone un signo de continuidad y comuni\u00f3n, abriendo un nuevo tiempo para seguir construyendo desde la unidad, el acompa\u00f1amiento y la misi\u00f3n.<\/p>\n\n\n\n<p>Nos unimos con gozo a toda la familia del Carmelo Descalzo, dando gracias por su labor y encomendando esta nueva etapa para que, guiados por el Se\u00f1or y bajo el amparo de la Sant\u00edsima Virgen, contin\u00faen avanzando con realismo, fraternidad y esperanza.<\/p>\n\n\n\n<p>La Hermandad de la Misericordia se alegra, felicita y ora por este nuevo periodo, confiando en que seguir\u00e1 dando abundantes frutos para la Iglesia.<\/p>\n\n\n\n<figure class=\"wp-block-image size-large\"><img loading=\"lazy\" decoding=\"async\" width=\"1024\" height=\"768\" src=\"https:\/\/misericordiadesanfernando.com\/wp-content\/uploads\/2026\/04\/IMG_1424-1024x768.jpeg\" alt=\"\" class=\"wp-image-4895\" srcset=\"https:\/\/misericordiadesanfernando.com\/wp-content\/uploads\/2026\/04\/IMG_1424-1024x768.jpeg 1024w, https:\/\/misericordiadesanfernando.com\/wp-content\/uploads\/2026\/04\/IMG_1424-300x225.jpeg 300w, https:\/\/misericordiadesanfernando.com\/wp-content\/uploads\/2026\/04\/IMG_1424-768x576.jpeg 768w, https:\/\/misericordiadesanfernando.com\/wp-content\/uploads\/2026\/04\/IMG_1424.jpeg 1500w\" sizes=\"auto, (max-width: 1024px) 100vw, 1024px\" \/><\/figure>\n","protected":false},"excerpt":{"rendered":"<p>La Hermandad de la Misericordia quiere compartir con todos sus hermanos, fieles y devotos una noticia que acogemos con profunda alegr\u00eda y sincero orgullo. La Provincia Ib\u00e9rica del Carmelo Descalzo&hellip;<\/p>\n","protected":false},"author":3,"featured_media":0,"comment_status":"closed","ping_status":"closed","sticky":false,"template":"","format":"standard","meta":{"footnotes":""},"categories":[39],"tags":[],"class_list":["post-4894","post","type-post","status-publish","format-standard","hentry","category-actualidad"],"_links":{"self":[{"href":"https:\/\/misericordiadesanfernando.com\/index.php\/wp-json\/wp\/v2\/posts\/4894","targetHints":{"allow":["GET"]}}],"collection":[{"href":"https:\/\/misericordiadesanfernando.com\/index.php\/wp-json\/wp\/v2\/posts"}],"about":[{"href":"https:\/\/misericordiadesanfernando.com\/index.php\/wp-json\/wp\/v2\/types\/post"}],"author":[{"embeddable":true,"href":"https:\/\/misericordiadesanfernando.com\/index.php\/wp-json\/wp\/v2\/users\/3"}],"replies":[{"embeddable":true,"href":"https:\/\/misericordiadesanfernando.com\/index.php\/wp-json\/wp\/v2\/comments?post=4894"}],"version-history":[{"count":1,"href":"https:\/\/misericordiadesanfernando.com\/index.php\/wp-json\/wp\/v2\/posts\/4894\/revisions"}],"predecessor-version":[{"id":4896,"href":"https:\/\/misericordiadesanfernando.com\/index.php\/wp-json\/wp\/v2\/posts\/4894\/revisions\/4896"}],"wp:attachment":[{"href":"https:\/\/misericordiadesanfernando.com\/index.php\/wp-json\/wp\/v2\/media?parent=4894"}],"wp:term":[{"taxonomy":"category","embeddable":true,"href":"https:\/\/misericordiadesanfernando.com\/index.php\/wp-json\/wp\/v2\/categories?post=4894"},{"taxonomy":"post_tag","embeddable":true,"href":"https:\/\/misericordiadesanfernando.com\/index.php\/wp-json\/wp\/v2\/tags?post=4894"}],"curies":[{"name":"wp","href":"https:\/\/api.w.org\/{rel}","templated":true}]}}