{"id":4891,"date":"2026-04-07T12:58:03","date_gmt":"2026-04-07T10:58:03","guid":{"rendered":"https:\/\/misericordiadesanfernando.com\/?p=4891"},"modified":"2026-04-07T12:58:05","modified_gmt":"2026-04-07T10:58:05","slug":"recogida-de-las-velas-votivas-de-los-pasos-procesionales-actualidad","status":"publish","type":"post","link":"https:\/\/misericordiadesanfernando.com\/index.php\/2026\/04\/07\/recogida-de-las-velas-votivas-de-los-pasos-procesionales-actualidad\/","title":{"rendered":"RECOGIDA DE LAS VELAS VOTIVAS DE LOS PASOS PROCESIONALES | Actualidad"},"content":{"rendered":"\n<p>Entre los d\u00edas martes 7 y viernes 10 de abril, los hermanos que donaron cada una de las velas y codales de los pasos procesionales de nuestros Sagrados Titulares, podr\u00e1n retirarlas en horario entre las 17:00 a 19:00 horas en la casa de hermandad.<\/p>\n\n\n\n<p>Todo aquel interesado que no pueda realizarlo en ese momento, podr\u00e1 hacerlo en los horarios que establezca la mayordom\u00eda de la Hermandad, una vez desmontados los mencionados pasos.<\/p>\n\n\n\n<p>Aquellos hermanos o devotos que no hicieron su encargo previo, pero tiene inter\u00e9s en tener una de las velas de la candeleria de la Sant\u00edsima Virgen de la Piedad en el a\u00f1o de su aniversario, podr\u00e1 recogerla en los d\u00edas se\u00f1alados abonando a los mayordomos el donativo correspondiente.<\/p>\n\n\n","protected":false},"excerpt":{"rendered":"<p>Entre los d\u00edas martes 7 y viernes 10 de abril, los hermanos que donaron cada una de las velas y codales de los pasos procesionales de nuestros Sagrados Titulares, podr\u00e1n&hellip;<\/p>\n","protected":false},"author":3,"featured_media":0,"comment_status":"closed","ping_status":"closed","sticky":false,"template":"","format":"standard","meta":{"footnotes":""},"categories":[39],"tags":[],"class_list":["post-4891","post","type-post","status-publish","format-standard","hentry","category-actualidad"],"_links":{"self":[{"href":"https:\/\/misericordiadesanfernando.com\/index.php\/wp-json\/wp\/v2\/posts\/4891","targetHints":{"allow":["GET"]}}],"collection":[{"href":"https:\/\/misericordiadesanfernando.com\/index.php\/wp-json\/wp\/v2\/posts"}],"about":[{"href":"https:\/\/misericordiadesanfernando.com\/index.php\/wp-json\/wp\/v2\/types\/post"}],"author":[{"embeddable":true,"href":"https:\/\/misericordiadesanfernando.com\/index.php\/wp-json\/wp\/v2\/users\/3"}],"replies":[{"embeddable":true,"href":"https:\/\/misericordiadesanfernando.com\/index.php\/wp-json\/wp\/v2\/comments?post=4891"}],"version-history":[{"count":1,"href":"https:\/\/misericordiadesanfernando.com\/index.php\/wp-json\/wp\/v2\/posts\/4891\/revisions"}],"predecessor-version":[{"id":4892,"href":"https:\/\/misericordiadesanfernando.com\/index.php\/wp-json\/wp\/v2\/posts\/4891\/revisions\/4892"}],"wp:attachment":[{"href":"https:\/\/misericordiadesanfernando.com\/index.php\/wp-json\/wp\/v2\/media?parent=4891"}],"wp:term":[{"taxonomy":"category","embeddable":true,"href":"https:\/\/misericordiadesanfernando.com\/index.php\/wp-json\/wp\/v2\/categories?post=4891"},{"taxonomy":"post_tag","embeddable":true,"href":"https:\/\/misericordiadesanfernando.com\/index.php\/wp-json\/wp\/v2\/tags?post=4891"}],"curies":[{"name":"wp","href":"https:\/\/api.w.org\/{rel}","templated":true}]}}