{"id":4888,"date":"2026-04-07T11:56:41","date_gmt":"2026-04-07T09:56:41","guid":{"rendered":"https:\/\/misericordiadesanfernando.com\/?p=4888"},"modified":"2026-04-07T11:56:42","modified_gmt":"2026-04-07T09:56:42","slug":"la-venia-detalles-del-jueves-santo-semana-santa-2026","status":"publish","type":"post","link":"https:\/\/misericordiadesanfernando.com\/index.php\/2026\/04\/07\/la-venia-detalles-del-jueves-santo-semana-santa-2026\/","title":{"rendered":"\u201cLA VENIA\u201d &#8211; DETALLES DEL JUEVES SANTO | Semana Santa 2026"},"content":{"rendered":"\n<p>Mostramos uno de los detalles del pasado Jueves Santo. Concretamente el pergamino que recog\u00eda \u201cla venia\u201d con la que el Diputado de Cruz de Gu\u00eda, acompa\u00f1ado de dos miembros de la Jefatura de Procesi\u00f3n y servidores revestidos de libreas, solicitaba la entrada de la cofrad\u00eda al Vocal de D\u00eda del Consejo Local de Hermandades y Cofrad\u00edas en el palquillo de toma de horas.<\/p>\n\n\n\n<figure class=\"wp-block-image size-large\"><img loading=\"lazy\" decoding=\"async\" width=\"732\" height=\"1024\" src=\"https:\/\/misericordiadesanfernando.com\/wp-content\/uploads\/2026\/04\/IMG_1361-732x1024.jpeg\" alt=\"\" class=\"wp-image-4889\" srcset=\"https:\/\/misericordiadesanfernando.com\/wp-content\/uploads\/2026\/04\/IMG_1361-732x1024.jpeg 732w, https:\/\/misericordiadesanfernando.com\/wp-content\/uploads\/2026\/04\/IMG_1361-214x300.jpeg 214w, https:\/\/misericordiadesanfernando.com\/wp-content\/uploads\/2026\/04\/IMG_1361-768x1075.jpeg 768w, https:\/\/misericordiadesanfernando.com\/wp-content\/uploads\/2026\/04\/IMG_1361-1097x1536.jpeg 1097w, https:\/\/misericordiadesanfernando.com\/wp-content\/uploads\/2026\/04\/IMG_1361.jpeg 1206w\" sizes=\"auto, (max-width: 732px) 100vw, 732px\" \/><figcaption class=\"wp-element-caption\">Screenshot<\/figcaption><\/figure>\n","protected":false},"excerpt":{"rendered":"<p>Mostramos uno de los detalles del pasado Jueves Santo. Concretamente el pergamino que recog\u00eda \u201cla venia\u201d con la que el Diputado de Cruz de Gu\u00eda, acompa\u00f1ado de dos miembros de&hellip;<\/p>\n","protected":false},"author":3,"featured_media":0,"comment_status":"closed","ping_status":"closed","sticky":false,"template":"","format":"standard","meta":{"footnotes":""},"categories":[39],"tags":[],"class_list":["post-4888","post","type-post","status-publish","format-standard","hentry","category-actualidad"],"_links":{"self":[{"href":"https:\/\/misericordiadesanfernando.com\/index.php\/wp-json\/wp\/v2\/posts\/4888","targetHints":{"allow":["GET"]}}],"collection":[{"href":"https:\/\/misericordiadesanfernando.com\/index.php\/wp-json\/wp\/v2\/posts"}],"about":[{"href":"https:\/\/misericordiadesanfernando.com\/index.php\/wp-json\/wp\/v2\/types\/post"}],"author":[{"embeddable":true,"href":"https:\/\/misericordiadesanfernando.com\/index.php\/wp-json\/wp\/v2\/users\/3"}],"replies":[{"embeddable":true,"href":"https:\/\/misericordiadesanfernando.com\/index.php\/wp-json\/wp\/v2\/comments?post=4888"}],"version-history":[{"count":1,"href":"https:\/\/misericordiadesanfernando.com\/index.php\/wp-json\/wp\/v2\/posts\/4888\/revisions"}],"predecessor-version":[{"id":4890,"href":"https:\/\/misericordiadesanfernando.com\/index.php\/wp-json\/wp\/v2\/posts\/4888\/revisions\/4890"}],"wp:attachment":[{"href":"https:\/\/misericordiadesanfernando.com\/index.php\/wp-json\/wp\/v2\/media?parent=4888"}],"wp:term":[{"taxonomy":"category","embeddable":true,"href":"https:\/\/misericordiadesanfernando.com\/index.php\/wp-json\/wp\/v2\/categories?post=4888"},{"taxonomy":"post_tag","embeddable":true,"href":"https:\/\/misericordiadesanfernando.com\/index.php\/wp-json\/wp\/v2\/tags?post=4888"}],"curies":[{"name":"wp","href":"https:\/\/api.w.org\/{rel}","templated":true}]}}