{"id":4885,"date":"2026-04-06T20:35:13","date_gmt":"2026-04-06T18:35:13","guid":{"rendered":"https:\/\/misericordiadesanfernando.com\/?p=4885"},"modified":"2026-04-06T20:35:15","modified_gmt":"2026-04-06T18:35:15","slug":"el-arcipreste-de-la-ciudad-oficiara-los-solemnes-cultos-eucaristicos-vida-de-hermandad","status":"publish","type":"post","link":"https:\/\/misericordiadesanfernando.com\/index.php\/2026\/04\/06\/el-arcipreste-de-la-ciudad-oficiara-los-solemnes-cultos-eucaristicos-vida-de-hermandad\/","title":{"rendered":"EL ARCIPRESTE DE LA CIUDAD OFICIAR\u00c1 LOS SOLEMNES CULTOS EUCAR\u00cdSTICOS | Vida de Hermandad"},"content":{"rendered":"\n<p>El Rvdo. Padre D. Francisco Jes\u00fas N\u00fa\u00f1ez P\u00e9rez ser\u00e1 el predicador de los Solemnes Cultos Eucar\u00edsticos que celebrar\u00e1 nuestra Hermandad en torno a la Octava del Corpus Christi.<\/p>\n\n\n\n<p>Los mismos tendr\u00e1n lugar los d\u00edas 10 al 12 de junio, culminando este solemne triduo el d\u00eda 13 de junio con la celebraci\u00f3n de la Solemne Funci\u00f3n Eucar\u00edstica y la procesi\u00f3n con Su Divina Majestad por las calles de la feligres\u00eda.<\/p>\n\n\n\n<p>N\u00fa\u00f1ez P\u00e9rez est\u00e1 actualmente al frente de la parroquia de San Servando y San Germ\u00e1n, en el barrio de La Ardila, desde octubre de 2020, desempe\u00f1ando adem\u00e1s su labor como arcipreste de la ciudad desde el pasado oto\u00f1o.<\/p>\n\n\n\n<p>Aprovechamos la ocasi\u00f3n para agradecer al Rvdo. D. Francisco Jes\u00fas su disponibilidad y atenciones con nuestra Hermandad al aceptar nuestra invitaci\u00f3n para las predicaciones de los pr\u00f3ximos cultos eucar\u00edsticos.<\/p>\n\n\n\n<figure class=\"wp-block-image size-large\"><img loading=\"lazy\" decoding=\"async\" width=\"1024\" height=\"576\" src=\"https:\/\/misericordiadesanfernando.com\/wp-content\/uploads\/2026\/04\/667603922_1393351072826687_8491764498696051821_n-1024x576.jpg\" alt=\"\" class=\"wp-image-4886\" srcset=\"https:\/\/misericordiadesanfernando.com\/wp-content\/uploads\/2026\/04\/667603922_1393351072826687_8491764498696051821_n-1024x576.jpg 1024w, https:\/\/misericordiadesanfernando.com\/wp-content\/uploads\/2026\/04\/667603922_1393351072826687_8491764498696051821_n-300x169.jpg 300w, https:\/\/misericordiadesanfernando.com\/wp-content\/uploads\/2026\/04\/667603922_1393351072826687_8491764498696051821_n-768x432.jpg 768w, https:\/\/misericordiadesanfernando.com\/wp-content\/uploads\/2026\/04\/667603922_1393351072826687_8491764498696051821_n-1536x864.jpg 1536w, https:\/\/misericordiadesanfernando.com\/wp-content\/uploads\/2026\/04\/667603922_1393351072826687_8491764498696051821_n.jpg 1600w\" sizes=\"auto, (max-width: 1024px) 100vw, 1024px\" \/><\/figure>\n","protected":false},"excerpt":{"rendered":"<p>El Rvdo. Padre D. Francisco Jes\u00fas N\u00fa\u00f1ez P\u00e9rez ser\u00e1 el predicador de los Solemnes Cultos Eucar\u00edsticos que celebrar\u00e1 nuestra Hermandad en torno a la Octava del Corpus Christi. Los mismos&hellip;<\/p>\n","protected":false},"author":3,"featured_media":0,"comment_status":"closed","ping_status":"closed","sticky":false,"template":"","format":"standard","meta":{"footnotes":""},"categories":[39],"tags":[],"class_list":["post-4885","post","type-post","status-publish","format-standard","hentry","category-actualidad"],"_links":{"self":[{"href":"https:\/\/misericordiadesanfernando.com\/index.php\/wp-json\/wp\/v2\/posts\/4885","targetHints":{"allow":["GET"]}}],"collection":[{"href":"https:\/\/misericordiadesanfernando.com\/index.php\/wp-json\/wp\/v2\/posts"}],"about":[{"href":"https:\/\/misericordiadesanfernando.com\/index.php\/wp-json\/wp\/v2\/types\/post"}],"author":[{"embeddable":true,"href":"https:\/\/misericordiadesanfernando.com\/index.php\/wp-json\/wp\/v2\/users\/3"}],"replies":[{"embeddable":true,"href":"https:\/\/misericordiadesanfernando.com\/index.php\/wp-json\/wp\/v2\/comments?post=4885"}],"version-history":[{"count":1,"href":"https:\/\/misericordiadesanfernando.com\/index.php\/wp-json\/wp\/v2\/posts\/4885\/revisions"}],"predecessor-version":[{"id":4887,"href":"https:\/\/misericordiadesanfernando.com\/index.php\/wp-json\/wp\/v2\/posts\/4885\/revisions\/4887"}],"wp:attachment":[{"href":"https:\/\/misericordiadesanfernando.com\/index.php\/wp-json\/wp\/v2\/media?parent=4885"}],"wp:term":[{"taxonomy":"category","embeddable":true,"href":"https:\/\/misericordiadesanfernando.com\/index.php\/wp-json\/wp\/v2\/categories?post=4885"},{"taxonomy":"post_tag","embeddable":true,"href":"https:\/\/misericordiadesanfernando.com\/index.php\/wp-json\/wp\/v2\/tags?post=4885"}],"curies":[{"name":"wp","href":"https:\/\/api.w.org\/{rel}","templated":true}]}}