{"id":4880,"date":"2026-04-06T20:33:00","date_gmt":"2026-04-06T18:33:00","guid":{"rendered":"https:\/\/misericordiadesanfernando.com\/?p=4880"},"modified":"2026-04-06T20:33:01","modified_gmt":"2026-04-06T18:33:01","slug":"comparte-tus-videos-y-fotografias-del-jueves-santo-actualidad","status":"publish","type":"post","link":"https:\/\/misericordiadesanfernando.com\/index.php\/2026\/04\/06\/comparte-tus-videos-y-fotografias-del-jueves-santo-actualidad\/","title":{"rendered":"COMPARTE TUS V\u00cdDEOS Y FOTOGRAF\u00cdAS DEL JUEVES SANTO | Actualidad"},"content":{"rendered":"\n<p>Queremos que compart\u00e1is con nosotros aquellos v\u00eddeos o fotograf\u00edas que teng\u00e1is de la Misericordia este Jueves Santo.<\/p>\n\n\n\n<p>Para ello, os facilitamos la direcci\u00f3n de correo donde pod\u00e9is enviarlos (indicando vuestro nombre completo), y los iremos publicando en nuestras redes sociales y boletines digitales para as\u00ed revivir aquello que sentimos y vivimos los cofrades de la Misericordia este pasado Jueves Santo.<\/p>\n\n\n\n<p>info@misericordiadesanfernando.com<\/p>\n\n\n\n<p>No lo olvides\u2026 Si hiciste fotos o v\u00eddeos a nuestra Hermandad este Jueves Santo.\u2026<\/p>\n\n\n\n<p>\u00a1Comp\u00e1rtelo con nosotros!<\/p>\n\n\n\n<figure class=\"wp-block-gallery has-nested-images columns-default is-cropped wp-block-gallery-1 is-layout-flex wp-block-gallery-is-layout-flex\">\n<figure class=\"wp-block-image size-large\"><img loading=\"lazy\" decoding=\"async\" width=\"647\" height=\"1024\" data-id=\"4881\" src=\"https:\/\/misericordiadesanfernando.com\/wp-content\/uploads\/2026\/04\/663142644_1393046559523805_2096218763029141657_n-647x1024.jpg\" alt=\"\" class=\"wp-image-4881\" srcset=\"https:\/\/misericordiadesanfernando.com\/wp-content\/uploads\/2026\/04\/663142644_1393046559523805_2096218763029141657_n-647x1024.jpg 647w, https:\/\/misericordiadesanfernando.com\/wp-content\/uploads\/2026\/04\/663142644_1393046559523805_2096218763029141657_n-189x300.jpg 189w, https:\/\/misericordiadesanfernando.com\/wp-content\/uploads\/2026\/04\/663142644_1393046559523805_2096218763029141657_n-768x1216.jpg 768w, https:\/\/misericordiadesanfernando.com\/wp-content\/uploads\/2026\/04\/663142644_1393046559523805_2096218763029141657_n-970x1536.jpg 970w, https:\/\/misericordiadesanfernando.com\/wp-content\/uploads\/2026\/04\/663142644_1393046559523805_2096218763029141657_n.jpg 1170w\" sizes=\"auto, (max-width: 647px) 100vw, 647px\" \/><\/figure>\n<\/figure>\n","protected":false},"excerpt":{"rendered":"<p>Queremos que compart\u00e1is con nosotros aquellos v\u00eddeos o fotograf\u00edas que teng\u00e1is de la Misericordia este Jueves Santo. Para ello, os facilitamos la direcci\u00f3n de correo donde pod\u00e9is enviarlos (indicando vuestro&hellip;<\/p>\n","protected":false},"author":3,"featured_media":0,"comment_status":"closed","ping_status":"closed","sticky":false,"template":"","format":"standard","meta":{"footnotes":""},"categories":[39],"tags":[],"class_list":["post-4880","post","type-post","status-publish","format-standard","hentry","category-actualidad"],"_links":{"self":[{"href":"https:\/\/misericordiadesanfernando.com\/index.php\/wp-json\/wp\/v2\/posts\/4880","targetHints":{"allow":["GET"]}}],"collection":[{"href":"https:\/\/misericordiadesanfernando.com\/index.php\/wp-json\/wp\/v2\/posts"}],"about":[{"href":"https:\/\/misericordiadesanfernando.com\/index.php\/wp-json\/wp\/v2\/types\/post"}],"author":[{"embeddable":true,"href":"https:\/\/misericordiadesanfernando.com\/index.php\/wp-json\/wp\/v2\/users\/3"}],"replies":[{"embeddable":true,"href":"https:\/\/misericordiadesanfernando.com\/index.php\/wp-json\/wp\/v2\/comments?post=4880"}],"version-history":[{"count":1,"href":"https:\/\/misericordiadesanfernando.com\/index.php\/wp-json\/wp\/v2\/posts\/4880\/revisions"}],"predecessor-version":[{"id":4882,"href":"https:\/\/misericordiadesanfernando.com\/index.php\/wp-json\/wp\/v2\/posts\/4880\/revisions\/4882"}],"wp:attachment":[{"href":"https:\/\/misericordiadesanfernando.com\/index.php\/wp-json\/wp\/v2\/media?parent=4880"}],"wp:term":[{"taxonomy":"category","embeddable":true,"href":"https:\/\/misericordiadesanfernando.com\/index.php\/wp-json\/wp\/v2\/categories?post=4880"},{"taxonomy":"post_tag","embeddable":true,"href":"https:\/\/misericordiadesanfernando.com\/index.php\/wp-json\/wp\/v2\/tags?post=4880"}],"curies":[{"name":"wp","href":"https:\/\/api.w.org\/{rel}","templated":true}]}}