{"id":4877,"date":"2026-04-06T20:32:11","date_gmt":"2026-04-06T18:32:11","guid":{"rendered":"https:\/\/misericordiadesanfernando.com\/?p=4877"},"modified":"2026-04-06T20:32:12","modified_gmt":"2026-04-06T18:32:12","slug":"el-proximo-viernes-una-nueva-ponencia-del-aula-de-formacion-daniel-nieto-vazquez-actualidad","status":"publish","type":"post","link":"https:\/\/misericordiadesanfernando.com\/index.php\/2026\/04\/06\/el-proximo-viernes-una-nueva-ponencia-del-aula-de-formacion-daniel-nieto-vazquez-actualidad\/","title":{"rendered":"EL PR\u00d3XIMO VIERNES, UNA NUEVA PONENCIA DEL AULA DE FORMACI\u00d3N \u201cDANIEL NIETO V\u00c1ZQUEZ\u201d | Actualidad"},"content":{"rendered":"\n<p>La Hermandad de la Misericordia contin\u00faa apostando por la formaci\u00f3n de sus hermanos y del conjunto de la ciudad a trav\u00e9s del Aula de Formaci\u00f3n Daniel Nieto V\u00e1zquez, que celebrar\u00e1 una nueva ponencia el pr\u00f3ximo viernes 10 de abril, a las 20:00 horas, en el sal\u00f3n parroquial de la Pastora.<\/p>\n\n\n\n<p>En esta ocasi\u00f3n, la ponencia correr\u00e1 a cargo del historiador y cofrade de nuestra ciudad Rafael Guirado Romero, quien ofrecer\u00e1 una interesante disertaci\u00f3n bajo el t\u00edtulo \u201c1957: el a\u00f1o de la Misericordia\u201d. A lo largo de su intervenci\u00f3n, el ponente realizar\u00e1 un recorrido por la historia y transformaci\u00f3n de nuestra corporaci\u00f3n en el contexto hist\u00f3rico en el que se llev\u00f3 a cabo su fundaci\u00f3n.<\/p>\n\n\n\n<p>Desde la Hermandad de la Misericordia se invita no solo a los hermanos, sino tambi\u00e9n a los vecinos del barrio de la Pastora y a todas aquellas personas interesadas, a participar en esta iniciativa formativa, que tiene car\u00e1cter mensual y busca complementar la formaci\u00f3n cristiana, cultural y cofrade a trav\u00e9s de propuestas abiertas y de calidad.<\/p>\n\n\n\n<p>Con este nuevo encuentro, el Aula de Formaci\u00f3n \u201cDaniel Nieto V\u00e1zquez\u201d se consolida como un espacio de reflexi\u00f3n y aprendizaje al servicio de la Hermandad y de San Fernando, fomentando el conocimiento y el amor por nuestras tradiciones desde una perspectiva formativa y actual.<\/p>\n\n\n\n<figure class=\"wp-block-image size-full\"><img loading=\"lazy\" decoding=\"async\" width=\"940\" height=\"788\" src=\"https:\/\/misericordiadesanfernando.com\/wp-content\/uploads\/2026\/04\/666478377_1392588876236240_8046964018558016773_n.jpg\" alt=\"\" class=\"wp-image-4878\" srcset=\"https:\/\/misericordiadesanfernando.com\/wp-content\/uploads\/2026\/04\/666478377_1392588876236240_8046964018558016773_n.jpg 940w, https:\/\/misericordiadesanfernando.com\/wp-content\/uploads\/2026\/04\/666478377_1392588876236240_8046964018558016773_n-300x251.jpg 300w, https:\/\/misericordiadesanfernando.com\/wp-content\/uploads\/2026\/04\/666478377_1392588876236240_8046964018558016773_n-768x644.jpg 768w\" sizes=\"auto, (max-width: 940px) 100vw, 940px\" \/><\/figure>\n","protected":false},"excerpt":{"rendered":"<p>La Hermandad de la Misericordia contin\u00faa apostando por la formaci\u00f3n de sus hermanos y del conjunto de la ciudad a trav\u00e9s del Aula de Formaci\u00f3n Daniel Nieto V\u00e1zquez, que celebrar\u00e1&hellip;<\/p>\n","protected":false},"author":3,"featured_media":0,"comment_status":"closed","ping_status":"closed","sticky":false,"template":"","format":"standard","meta":{"footnotes":""},"categories":[39],"tags":[],"class_list":["post-4877","post","type-post","status-publish","format-standard","hentry","category-actualidad"],"_links":{"self":[{"href":"https:\/\/misericordiadesanfernando.com\/index.php\/wp-json\/wp\/v2\/posts\/4877","targetHints":{"allow":["GET"]}}],"collection":[{"href":"https:\/\/misericordiadesanfernando.com\/index.php\/wp-json\/wp\/v2\/posts"}],"about":[{"href":"https:\/\/misericordiadesanfernando.com\/index.php\/wp-json\/wp\/v2\/types\/post"}],"author":[{"embeddable":true,"href":"https:\/\/misericordiadesanfernando.com\/index.php\/wp-json\/wp\/v2\/users\/3"}],"replies":[{"embeddable":true,"href":"https:\/\/misericordiadesanfernando.com\/index.php\/wp-json\/wp\/v2\/comments?post=4877"}],"version-history":[{"count":1,"href":"https:\/\/misericordiadesanfernando.com\/index.php\/wp-json\/wp\/v2\/posts\/4877\/revisions"}],"predecessor-version":[{"id":4879,"href":"https:\/\/misericordiadesanfernando.com\/index.php\/wp-json\/wp\/v2\/posts\/4877\/revisions\/4879"}],"wp:attachment":[{"href":"https:\/\/misericordiadesanfernando.com\/index.php\/wp-json\/wp\/v2\/media?parent=4877"}],"wp:term":[{"taxonomy":"category","embeddable":true,"href":"https:\/\/misericordiadesanfernando.com\/index.php\/wp-json\/wp\/v2\/categories?post=4877"},{"taxonomy":"post_tag","embeddable":true,"href":"https:\/\/misericordiadesanfernando.com\/index.php\/wp-json\/wp\/v2\/tags?post=4877"}],"curies":[{"name":"wp","href":"https:\/\/api.w.org\/{rel}","templated":true}]}}