{"id":4874,"date":"2026-04-06T20:31:23","date_gmt":"2026-04-06T18:31:23","guid":{"rendered":"https:\/\/misericordiadesanfernando.com\/?p=4874"},"modified":"2026-04-06T20:31:25","modified_gmt":"2026-04-06T18:31:25","slug":"cultos-sacramentales-y-misa-de-accion-de-gracias-mes-de-abril","status":"publish","type":"post","link":"https:\/\/misericordiadesanfernando.com\/index.php\/2026\/04\/06\/cultos-sacramentales-y-misa-de-accion-de-gracias-mes-de-abril\/","title":{"rendered":"CULTOS SACRAMENTALES Y MISA DE ACCI\u00d3N DE GR\u00c1CIAS | Mes de abril"},"content":{"rendered":"\n<p>La Hermandad Sacramental de la Misericordia celebrar\u00e1 el pr\u00f3ximo viernes d\u00eda 10 de enero sus cultos sacramentales del mes, comenzando con el rezo de las v\u00edsperas a las 18:30 horas y la posterior eucarist\u00eda a las 19:00 horas.<\/p>\n\n\n\n<p>La misa ser\u00e1 aplicada a modo de acci\u00f3n de gracias por los frutos espirituales de la estaci\u00f3n de penitencia del pasado Jueves Santo.<\/p>\n\n\n\n<p>Ofreceremos la Santa Misa por la pronta veneraci\u00f3n en los Altares de la Sierva de Dios, Hermana Cristina de Jes\u00fas Sacramentado, as\u00ed como por el alma de aquellos hermanos y allegados que han partido junto al Padre de la Misericordia en las \u00faltimas fechas.<\/p>\n\n\n\n<p>Hacemos un llamamiento a nuestros hermanos y fieles en general para compartir todos juntos la mesa del Se\u00f1or en la jornada de este viernes.<\/p>\n\n\n\n<figure class=\"wp-block-gallery has-nested-images columns-default is-cropped wp-block-gallery-1 is-layout-flex wp-block-gallery-is-layout-flex\">\n<figure class=\"wp-block-image size-large\"><img loading=\"lazy\" decoding=\"async\" width=\"724\" height=\"1024\" data-id=\"4875\" src=\"https:\/\/misericordiadesanfernando.com\/wp-content\/uploads\/2026\/04\/661684854_1392443119584149_8701531559443943552_n-724x1024.jpg\" alt=\"\" class=\"wp-image-4875\" srcset=\"https:\/\/misericordiadesanfernando.com\/wp-content\/uploads\/2026\/04\/661684854_1392443119584149_8701531559443943552_n-724x1024.jpg 724w, https:\/\/misericordiadesanfernando.com\/wp-content\/uploads\/2026\/04\/661684854_1392443119584149_8701531559443943552_n-212x300.jpg 212w, https:\/\/misericordiadesanfernando.com\/wp-content\/uploads\/2026\/04\/661684854_1392443119584149_8701531559443943552_n-768x1086.jpg 768w, https:\/\/misericordiadesanfernando.com\/wp-content\/uploads\/2026\/04\/661684854_1392443119584149_8701531559443943552_n-1086x1536.jpg 1086w, https:\/\/misericordiadesanfernando.com\/wp-content\/uploads\/2026\/04\/661684854_1392443119584149_8701531559443943552_n.jpg 1414w\" sizes=\"auto, (max-width: 724px) 100vw, 724px\" \/><\/figure>\n<\/figure>\n","protected":false},"excerpt":{"rendered":"<p>La Hermandad Sacramental de la Misericordia celebrar\u00e1 el pr\u00f3ximo viernes d\u00eda 10 de enero sus cultos sacramentales del mes, comenzando con el rezo de las v\u00edsperas a las 18:30 horas&hellip;<\/p>\n","protected":false},"author":3,"featured_media":0,"comment_status":"closed","ping_status":"closed","sticky":false,"template":"","format":"standard","meta":{"footnotes":""},"categories":[39],"tags":[],"class_list":["post-4874","post","type-post","status-publish","format-standard","hentry","category-actualidad"],"_links":{"self":[{"href":"https:\/\/misericordiadesanfernando.com\/index.php\/wp-json\/wp\/v2\/posts\/4874","targetHints":{"allow":["GET"]}}],"collection":[{"href":"https:\/\/misericordiadesanfernando.com\/index.php\/wp-json\/wp\/v2\/posts"}],"about":[{"href":"https:\/\/misericordiadesanfernando.com\/index.php\/wp-json\/wp\/v2\/types\/post"}],"author":[{"embeddable":true,"href":"https:\/\/misericordiadesanfernando.com\/index.php\/wp-json\/wp\/v2\/users\/3"}],"replies":[{"embeddable":true,"href":"https:\/\/misericordiadesanfernando.com\/index.php\/wp-json\/wp\/v2\/comments?post=4874"}],"version-history":[{"count":1,"href":"https:\/\/misericordiadesanfernando.com\/index.php\/wp-json\/wp\/v2\/posts\/4874\/revisions"}],"predecessor-version":[{"id":4876,"href":"https:\/\/misericordiadesanfernando.com\/index.php\/wp-json\/wp\/v2\/posts\/4874\/revisions\/4876"}],"wp:attachment":[{"href":"https:\/\/misericordiadesanfernando.com\/index.php\/wp-json\/wp\/v2\/media?parent=4874"}],"wp:term":[{"taxonomy":"category","embeddable":true,"href":"https:\/\/misericordiadesanfernando.com\/index.php\/wp-json\/wp\/v2\/categories?post=4874"},{"taxonomy":"post_tag","embeddable":true,"href":"https:\/\/misericordiadesanfernando.com\/index.php\/wp-json\/wp\/v2\/tags?post=4874"}],"curies":[{"name":"wp","href":"https:\/\/api.w.org\/{rel}","templated":true}]}}