{"id":4866,"date":"2026-04-06T20:30:23","date_gmt":"2026-04-06T18:30:23","guid":{"rendered":"https:\/\/misericordiadesanfernando.com\/?p=4866"},"modified":"2026-04-06T20:30:57","modified_gmt":"2026-04-06T18:30:57","slug":"representacion-institucional-en-el-domingo-de-resurreccion-semana-santa-2026","status":"publish","type":"post","link":"https:\/\/misericordiadesanfernando.com\/index.php\/2026\/04\/06\/representacion-institucional-en-el-domingo-de-resurreccion-semana-santa-2026\/","title":{"rendered":"REPRESENTACI\u00d3N INSTITUCIONAL EN EL DOMINGO DE RESURRECCI\u00d3N | Semana Santa 2026"},"content":{"rendered":"\n<p>Nuestra Hermandad, atendiendo a la invitaci\u00f3n cursada desde el Consejo Local de Hermandades y Cofrad\u00edas, ha participado en la representaci\u00f3n institucional en el palco de autoridades de la Carrera Oficial para presenciar el paso por la misma de la Hermandad de la Sagrada Resurrecci\u00f3n, poniendo de esta forma fin a la Semana Santa de este a\u00f1o 2026.<\/p>\n\n\n\n<figure class=\"wp-block-gallery has-nested-images columns-default is-cropped wp-block-gallery-1 is-layout-flex wp-block-gallery-is-layout-flex\">\n<figure class=\"wp-block-image size-large\"><img loading=\"lazy\" decoding=\"async\" width=\"1024\" height=\"768\" data-id=\"4867\" src=\"https:\/\/misericordiadesanfernando.com\/wp-content\/uploads\/2026\/04\/659056156_1392349149593546_6620954247125192603_n-1-1024x768.jpg\" alt=\"\" class=\"wp-image-4867\" srcset=\"https:\/\/misericordiadesanfernando.com\/wp-content\/uploads\/2026\/04\/659056156_1392349149593546_6620954247125192603_n-1-1024x768.jpg 1024w, https:\/\/misericordiadesanfernando.com\/wp-content\/uploads\/2026\/04\/659056156_1392349149593546_6620954247125192603_n-1-300x225.jpg 300w, https:\/\/misericordiadesanfernando.com\/wp-content\/uploads\/2026\/04\/659056156_1392349149593546_6620954247125192603_n-1-768x576.jpg 768w, https:\/\/misericordiadesanfernando.com\/wp-content\/uploads\/2026\/04\/659056156_1392349149593546_6620954247125192603_n-1-1536x1152.jpg 1536w, https:\/\/misericordiadesanfernando.com\/wp-content\/uploads\/2026\/04\/659056156_1392349149593546_6620954247125192603_n-1.jpg 2048w\" sizes=\"auto, (max-width: 1024px) 100vw, 1024px\" \/><\/figure>\n\n\n\n<figure class=\"wp-block-image size-large\"><img loading=\"lazy\" decoding=\"async\" width=\"1024\" height=\"768\" data-id=\"4869\" src=\"https:\/\/misericordiadesanfernando.com\/wp-content\/uploads\/2026\/04\/659906550_1392349182926876_1891267079854927889_n-1024x768.jpg\" alt=\"\" class=\"wp-image-4869\" srcset=\"https:\/\/misericordiadesanfernando.com\/wp-content\/uploads\/2026\/04\/659906550_1392349182926876_1891267079854927889_n-1024x768.jpg 1024w, https:\/\/misericordiadesanfernando.com\/wp-content\/uploads\/2026\/04\/659906550_1392349182926876_1891267079854927889_n-300x225.jpg 300w, https:\/\/misericordiadesanfernando.com\/wp-content\/uploads\/2026\/04\/659906550_1392349182926876_1891267079854927889_n-768x576.jpg 768w, https:\/\/misericordiadesanfernando.com\/wp-content\/uploads\/2026\/04\/659906550_1392349182926876_1891267079854927889_n-1536x1152.jpg 1536w, https:\/\/misericordiadesanfernando.com\/wp-content\/uploads\/2026\/04\/659906550_1392349182926876_1891267079854927889_n.jpg 2048w\" sizes=\"auto, (max-width: 1024px) 100vw, 1024px\" \/><\/figure>\n\n\n\n<figure class=\"wp-block-image size-large\"><img loading=\"lazy\" decoding=\"async\" width=\"1024\" height=\"768\" data-id=\"4871\" src=\"https:\/\/misericordiadesanfernando.com\/wp-content\/uploads\/2026\/04\/661008416_1392349172926877_5302231657530188990_n-1024x768.jpg\" alt=\"\" class=\"wp-image-4871\" srcset=\"https:\/\/misericordiadesanfernando.com\/wp-content\/uploads\/2026\/04\/661008416_1392349172926877_5302231657530188990_n-1024x768.jpg 1024w, https:\/\/misericordiadesanfernando.com\/wp-content\/uploads\/2026\/04\/661008416_1392349172926877_5302231657530188990_n-300x225.jpg 300w, https:\/\/misericordiadesanfernando.com\/wp-content\/uploads\/2026\/04\/661008416_1392349172926877_5302231657530188990_n-768x576.jpg 768w, https:\/\/misericordiadesanfernando.com\/wp-content\/uploads\/2026\/04\/661008416_1392349172926877_5302231657530188990_n-1536x1152.jpg 1536w, https:\/\/misericordiadesanfernando.com\/wp-content\/uploads\/2026\/04\/661008416_1392349172926877_5302231657530188990_n.jpg 2048w\" sizes=\"auto, (max-width: 1024px) 100vw, 1024px\" \/><\/figure>\n\n\n\n<figure class=\"wp-block-image size-large\"><img loading=\"lazy\" decoding=\"async\" width=\"1024\" height=\"768\" data-id=\"4870\" src=\"https:\/\/misericordiadesanfernando.com\/wp-content\/uploads\/2026\/04\/661444580_1392349219593539_47974693838017198_n-1024x768.jpg\" alt=\"\" class=\"wp-image-4870\" srcset=\"https:\/\/misericordiadesanfernando.com\/wp-content\/uploads\/2026\/04\/661444580_1392349219593539_47974693838017198_n-1024x768.jpg 1024w, https:\/\/misericordiadesanfernando.com\/wp-content\/uploads\/2026\/04\/661444580_1392349219593539_47974693838017198_n-300x225.jpg 300w, https:\/\/misericordiadesanfernando.com\/wp-content\/uploads\/2026\/04\/661444580_1392349219593539_47974693838017198_n-768x576.jpg 768w, https:\/\/misericordiadesanfernando.com\/wp-content\/uploads\/2026\/04\/661444580_1392349219593539_47974693838017198_n-1536x1152.jpg 1536w, https:\/\/misericordiadesanfernando.com\/wp-content\/uploads\/2026\/04\/661444580_1392349219593539_47974693838017198_n.jpg 2048w\" sizes=\"auto, (max-width: 1024px) 100vw, 1024px\" \/><\/figure>\n\n\n\n<figure class=\"wp-block-image size-large\"><img loading=\"lazy\" decoding=\"async\" width=\"1024\" height=\"768\" data-id=\"4872\" src=\"https:\/\/misericordiadesanfernando.com\/wp-content\/uploads\/2026\/04\/662790386_1392349156260212_4418209489717719906_n-1024x768.jpg\" alt=\"\" class=\"wp-image-4872\" srcset=\"https:\/\/misericordiadesanfernando.com\/wp-content\/uploads\/2026\/04\/662790386_1392349156260212_4418209489717719906_n-1024x768.jpg 1024w, https:\/\/misericordiadesanfernando.com\/wp-content\/uploads\/2026\/04\/662790386_1392349156260212_4418209489717719906_n-300x225.jpg 300w, https:\/\/misericordiadesanfernando.com\/wp-content\/uploads\/2026\/04\/662790386_1392349156260212_4418209489717719906_n-768x576.jpg 768w, https:\/\/misericordiadesanfernando.com\/wp-content\/uploads\/2026\/04\/662790386_1392349156260212_4418209489717719906_n-1536x1152.jpg 1536w, https:\/\/misericordiadesanfernando.com\/wp-content\/uploads\/2026\/04\/662790386_1392349156260212_4418209489717719906_n.jpg 2048w\" sizes=\"auto, (max-width: 1024px) 100vw, 1024px\" \/><\/figure>\n\n\n\n<figure class=\"wp-block-image size-large\"><img loading=\"lazy\" decoding=\"async\" width=\"1024\" height=\"768\" data-id=\"4868\" src=\"https:\/\/misericordiadesanfernando.com\/wp-content\/uploads\/2026\/04\/663177395_1392349206260207_822734169251476375_n-1024x768.jpg\" alt=\"\" class=\"wp-image-4868\" srcset=\"https:\/\/misericordiadesanfernando.com\/wp-content\/uploads\/2026\/04\/663177395_1392349206260207_822734169251476375_n-1024x768.jpg 1024w, https:\/\/misericordiadesanfernando.com\/wp-content\/uploads\/2026\/04\/663177395_1392349206260207_822734169251476375_n-300x225.jpg 300w, https:\/\/misericordiadesanfernando.com\/wp-content\/uploads\/2026\/04\/663177395_1392349206260207_822734169251476375_n-768x576.jpg 768w, https:\/\/misericordiadesanfernando.com\/wp-content\/uploads\/2026\/04\/663177395_1392349206260207_822734169251476375_n-1536x1152.jpg 1536w, https:\/\/misericordiadesanfernando.com\/wp-content\/uploads\/2026\/04\/663177395_1392349206260207_822734169251476375_n.jpg 2048w\" sizes=\"auto, (max-width: 1024px) 100vw, 1024px\" \/><\/figure>\n<\/figure>\n","protected":false},"excerpt":{"rendered":"<p>Nuestra Hermandad, atendiendo a la invitaci\u00f3n cursada desde el Consejo Local de Hermandades y Cofrad\u00edas, ha participado en la representaci\u00f3n institucional en el palco de autoridades de la Carrera Oficial&hellip;<\/p>\n","protected":false},"author":3,"featured_media":0,"comment_status":"closed","ping_status":"closed","sticky":false,"template":"","format":"standard","meta":{"footnotes":""},"categories":[39],"tags":[],"class_list":["post-4866","post","type-post","status-publish","format-standard","hentry","category-actualidad"],"_links":{"self":[{"href":"https:\/\/misericordiadesanfernando.com\/index.php\/wp-json\/wp\/v2\/posts\/4866","targetHints":{"allow":["GET"]}}],"collection":[{"href":"https:\/\/misericordiadesanfernando.com\/index.php\/wp-json\/wp\/v2\/posts"}],"about":[{"href":"https:\/\/misericordiadesanfernando.com\/index.php\/wp-json\/wp\/v2\/types\/post"}],"author":[{"embeddable":true,"href":"https:\/\/misericordiadesanfernando.com\/index.php\/wp-json\/wp\/v2\/users\/3"}],"replies":[{"embeddable":true,"href":"https:\/\/misericordiadesanfernando.com\/index.php\/wp-json\/wp\/v2\/comments?post=4866"}],"version-history":[{"count":1,"href":"https:\/\/misericordiadesanfernando.com\/index.php\/wp-json\/wp\/v2\/posts\/4866\/revisions"}],"predecessor-version":[{"id":4873,"href":"https:\/\/misericordiadesanfernando.com\/index.php\/wp-json\/wp\/v2\/posts\/4866\/revisions\/4873"}],"wp:attachment":[{"href":"https:\/\/misericordiadesanfernando.com\/index.php\/wp-json\/wp\/v2\/media?parent=4866"}],"wp:term":[{"taxonomy":"category","embeddable":true,"href":"https:\/\/misericordiadesanfernando.com\/index.php\/wp-json\/wp\/v2\/categories?post=4866"},{"taxonomy":"post_tag","embeddable":true,"href":"https:\/\/misericordiadesanfernando.com\/index.php\/wp-json\/wp\/v2\/tags?post=4866"}],"curies":[{"name":"wp","href":"https:\/\/api.w.org\/{rel}","templated":true}]}}