{"id":4862,"date":"2026-04-06T20:29:31","date_gmt":"2026-04-06T18:29:31","guid":{"rendered":"https:\/\/misericordiadesanfernando.com\/?p=4862"},"modified":"2026-04-06T20:29:33","modified_gmt":"2026-04-06T18:29:33","slug":"nuevo-juego-de-gemelos-para-jesus-de-la-misericordia-actualidad","status":"publish","type":"post","link":"https:\/\/misericordiadesanfernando.com\/index.php\/2026\/04\/06\/nuevo-juego-de-gemelos-para-jesus-de-la-misericordia-actualidad\/","title":{"rendered":"NUEVO JUEGO DE GEMELOS PARA JES\u00daS DE LA MISERICORDIA | Actualidad"},"content":{"rendered":"\n<p>En la jornada de hoy, con la celebraci\u00f3n de la Vigilia Pascual, la venerada imagen de Nuestro Padre Jes\u00fas de la Misericordia ha recibido la donaci\u00f3n, por parte de su vestidor NHD. Jes\u00fas D\u00edaz-Noriega Rold\u00e1n de un juego de gemelos de plata y pedrer\u00eda, que vienen a completar su ajuar.<\/p>\n\n\n\n<p>Agradecemos a nuestro hermano Jes\u00fas esta donaci\u00f3n, que no es m\u00e1s que otra muestra del inmenso fervor y devoci\u00f3n hacia Jes\u00fas de la Misericordia.<\/p>\n\n\n\n<figure class=\"wp-block-gallery has-nested-images columns-default is-cropped wp-block-gallery-1 is-layout-flex wp-block-gallery-is-layout-flex\">\n<figure class=\"wp-block-image size-large\"><img loading=\"lazy\" decoding=\"async\" width=\"1024\" height=\"768\" data-id=\"4864\" src=\"https:\/\/misericordiadesanfernando.com\/wp-content\/uploads\/2026\/04\/659812831_1391983412963453_6185595421463864110_n-1024x768.jpg\" alt=\"\" class=\"wp-image-4864\" srcset=\"https:\/\/misericordiadesanfernando.com\/wp-content\/uploads\/2026\/04\/659812831_1391983412963453_6185595421463864110_n-1024x768.jpg 1024w, https:\/\/misericordiadesanfernando.com\/wp-content\/uploads\/2026\/04\/659812831_1391983412963453_6185595421463864110_n-300x225.jpg 300w, https:\/\/misericordiadesanfernando.com\/wp-content\/uploads\/2026\/04\/659812831_1391983412963453_6185595421463864110_n-768x576.jpg 768w, https:\/\/misericordiadesanfernando.com\/wp-content\/uploads\/2026\/04\/659812831_1391983412963453_6185595421463864110_n-1536x1152.jpg 1536w, https:\/\/misericordiadesanfernando.com\/wp-content\/uploads\/2026\/04\/659812831_1391983412963453_6185595421463864110_n.jpg 2048w\" sizes=\"auto, (max-width: 1024px) 100vw, 1024px\" \/><\/figure>\n\n\n\n<figure class=\"wp-block-image size-large\"><img loading=\"lazy\" decoding=\"async\" width=\"1024\" height=\"768\" data-id=\"4863\" src=\"https:\/\/misericordiadesanfernando.com\/wp-content\/uploads\/2026\/04\/661379772_1391983406296787_1422546517896532741_n-1024x768.jpg\" alt=\"\" class=\"wp-image-4863\" srcset=\"https:\/\/misericordiadesanfernando.com\/wp-content\/uploads\/2026\/04\/661379772_1391983406296787_1422546517896532741_n-1024x768.jpg 1024w, https:\/\/misericordiadesanfernando.com\/wp-content\/uploads\/2026\/04\/661379772_1391983406296787_1422546517896532741_n-300x225.jpg 300w, https:\/\/misericordiadesanfernando.com\/wp-content\/uploads\/2026\/04\/661379772_1391983406296787_1422546517896532741_n-768x576.jpg 768w, https:\/\/misericordiadesanfernando.com\/wp-content\/uploads\/2026\/04\/661379772_1391983406296787_1422546517896532741_n-1536x1152.jpg 1536w, https:\/\/misericordiadesanfernando.com\/wp-content\/uploads\/2026\/04\/661379772_1391983406296787_1422546517896532741_n.jpg 2048w\" sizes=\"auto, (max-width: 1024px) 100vw, 1024px\" \/><\/figure>\n<\/figure>\n","protected":false},"excerpt":{"rendered":"<p>En la jornada de hoy, con la celebraci\u00f3n de la Vigilia Pascual, la venerada imagen de Nuestro Padre Jes\u00fas de la Misericordia ha recibido la donaci\u00f3n, por parte de su&hellip;<\/p>\n","protected":false},"author":3,"featured_media":0,"comment_status":"closed","ping_status":"closed","sticky":false,"template":"","format":"standard","meta":{"footnotes":""},"categories":[39],"tags":[],"class_list":["post-4862","post","type-post","status-publish","format-standard","hentry","category-actualidad"],"_links":{"self":[{"href":"https:\/\/misericordiadesanfernando.com\/index.php\/wp-json\/wp\/v2\/posts\/4862","targetHints":{"allow":["GET"]}}],"collection":[{"href":"https:\/\/misericordiadesanfernando.com\/index.php\/wp-json\/wp\/v2\/posts"}],"about":[{"href":"https:\/\/misericordiadesanfernando.com\/index.php\/wp-json\/wp\/v2\/types\/post"}],"author":[{"embeddable":true,"href":"https:\/\/misericordiadesanfernando.com\/index.php\/wp-json\/wp\/v2\/users\/3"}],"replies":[{"embeddable":true,"href":"https:\/\/misericordiadesanfernando.com\/index.php\/wp-json\/wp\/v2\/comments?post=4862"}],"version-history":[{"count":1,"href":"https:\/\/misericordiadesanfernando.com\/index.php\/wp-json\/wp\/v2\/posts\/4862\/revisions"}],"predecessor-version":[{"id":4865,"href":"https:\/\/misericordiadesanfernando.com\/index.php\/wp-json\/wp\/v2\/posts\/4862\/revisions\/4865"}],"wp:attachment":[{"href":"https:\/\/misericordiadesanfernando.com\/index.php\/wp-json\/wp\/v2\/media?parent=4862"}],"wp:term":[{"taxonomy":"category","embeddable":true,"href":"https:\/\/misericordiadesanfernando.com\/index.php\/wp-json\/wp\/v2\/categories?post=4862"},{"taxonomy":"post_tag","embeddable":true,"href":"https:\/\/misericordiadesanfernando.com\/index.php\/wp-json\/wp\/v2\/tags?post=4862"}],"curies":[{"name":"wp","href":"https:\/\/api.w.org\/{rel}","templated":true}]}}