{"id":4829,"date":"2026-04-06T20:20:43","date_gmt":"2026-04-06T18:20:43","guid":{"rendered":"https:\/\/misericordiadesanfernando.com\/?p=4829"},"modified":"2026-04-06T20:20:44","modified_gmt":"2026-04-06T18:20:44","slug":"natalicio-2","status":"publish","type":"post","link":"https:\/\/misericordiadesanfernando.com\/index.php\/2026\/04\/06\/natalicio-2\/","title":{"rendered":"NATALICIO |"},"content":{"rendered":"\n<p>Desde estas l\u00edneas queremos felicitar a nuestro hermano Jos\u00e9 Mill\u00e1n y a su esposa Luc\u00eda Torres, as\u00ed como al resto de su familia, por el nacimiento de su hijo Gonzalo.<\/p>\n\n\n\n<p>Desde la Junta de Gobierno y en nombre de todos los Hermanos, queremos transmitir nuestra m\u00e1s sentida alegr\u00eda a todos sus familiares y allegados por la feliz llegada del peque\u00f1o Gonzalo.<\/p>\n\n\n\n<p>Que Nuestro Padre Jes\u00fas de la Misericordia y Mar\u00eda Sant\u00edsima de la Piedad sigan bendiciendo a esta familia.<\/p>\n\n\n\n<figure class=\"wp-block-gallery has-nested-images columns-default is-cropped wp-block-gallery-1 is-layout-flex wp-block-gallery-is-layout-flex\">\n<figure class=\"wp-block-image size-large\"><img loading=\"lazy\" decoding=\"async\" width=\"706\" height=\"1024\" data-id=\"4830\" src=\"https:\/\/misericordiadesanfernando.com\/wp-content\/uploads\/2026\/04\/661381273_1391763682985426_2932072275462966297_n-706x1024.jpg\" alt=\"\" class=\"wp-image-4830\" srcset=\"https:\/\/misericordiadesanfernando.com\/wp-content\/uploads\/2026\/04\/661381273_1391763682985426_2932072275462966297_n-706x1024.jpg 706w, https:\/\/misericordiadesanfernando.com\/wp-content\/uploads\/2026\/04\/661381273_1391763682985426_2932072275462966297_n-207x300.jpg 207w, https:\/\/misericordiadesanfernando.com\/wp-content\/uploads\/2026\/04\/661381273_1391763682985426_2932072275462966297_n-768x1114.jpg 768w, https:\/\/misericordiadesanfernando.com\/wp-content\/uploads\/2026\/04\/661381273_1391763682985426_2932072275462966297_n-1059x1536.jpg 1059w, https:\/\/misericordiadesanfernando.com\/wp-content\/uploads\/2026\/04\/661381273_1391763682985426_2932072275462966297_n.jpg 1170w\" sizes=\"auto, (max-width: 706px) 100vw, 706px\" \/><\/figure>\n<\/figure>\n","protected":false},"excerpt":{"rendered":"<p>Desde estas l\u00edneas queremos felicitar a nuestro hermano Jos\u00e9 Mill\u00e1n y a su esposa Luc\u00eda Torres, as\u00ed como al resto de su familia, por el nacimiento de su hijo Gonzalo.&hellip;<\/p>\n","protected":false},"author":3,"featured_media":0,"comment_status":"closed","ping_status":"closed","sticky":false,"template":"","format":"standard","meta":{"footnotes":""},"categories":[39],"tags":[],"class_list":["post-4829","post","type-post","status-publish","format-standard","hentry","category-actualidad"],"_links":{"self":[{"href":"https:\/\/misericordiadesanfernando.com\/index.php\/wp-json\/wp\/v2\/posts\/4829","targetHints":{"allow":["GET"]}}],"collection":[{"href":"https:\/\/misericordiadesanfernando.com\/index.php\/wp-json\/wp\/v2\/posts"}],"about":[{"href":"https:\/\/misericordiadesanfernando.com\/index.php\/wp-json\/wp\/v2\/types\/post"}],"author":[{"embeddable":true,"href":"https:\/\/misericordiadesanfernando.com\/index.php\/wp-json\/wp\/v2\/users\/3"}],"replies":[{"embeddable":true,"href":"https:\/\/misericordiadesanfernando.com\/index.php\/wp-json\/wp\/v2\/comments?post=4829"}],"version-history":[{"count":1,"href":"https:\/\/misericordiadesanfernando.com\/index.php\/wp-json\/wp\/v2\/posts\/4829\/revisions"}],"predecessor-version":[{"id":4831,"href":"https:\/\/misericordiadesanfernando.com\/index.php\/wp-json\/wp\/v2\/posts\/4829\/revisions\/4831"}],"wp:attachment":[{"href":"https:\/\/misericordiadesanfernando.com\/index.php\/wp-json\/wp\/v2\/media?parent=4829"}],"wp:term":[{"taxonomy":"category","embeddable":true,"href":"https:\/\/misericordiadesanfernando.com\/index.php\/wp-json\/wp\/v2\/categories?post=4829"},{"taxonomy":"post_tag","embeddable":true,"href":"https:\/\/misericordiadesanfernando.com\/index.php\/wp-json\/wp\/v2\/tags?post=4829"}],"curies":[{"name":"wp","href":"https:\/\/api.w.org\/{rel}","templated":true}]}}