{"id":4799,"date":"2026-04-06T20:07:04","date_gmt":"2026-04-06T18:07:04","guid":{"rendered":"https:\/\/misericordiadesanfernando.com\/?p=4799"},"modified":"2026-04-06T20:08:27","modified_gmt":"2026-04-06T18:08:27","slug":"representacion-institucional-en-el-santo-entierro-semana-santa-2026","status":"publish","type":"post","link":"https:\/\/misericordiadesanfernando.com\/index.php\/2026\/04\/06\/representacion-institucional-en-el-santo-entierro-semana-santa-2026\/","title":{"rendered":"REPRESENTACI\u00d3N INSTITUCIONAL EN EL SANTO ENTIERRO | Semana Santa 2026"},"content":{"rendered":"\n<p>Nuestra Hermandad, cumpliendo con lo establecido en el Reglamento de R\u00e9gimen Interno, participa en el cortejo luctuoso de la procesi\u00f3n del Santo Entierro de Nuestro Se\u00f1or Jesucristo.<\/p>\n\n\n\n<figure class=\"wp-block-gallery has-nested-images columns-default is-cropped wp-block-gallery-1 is-layout-flex wp-block-gallery-is-layout-flex\">\n<figure class=\"wp-block-image size-large\"><img loading=\"lazy\" decoding=\"async\" width=\"1024\" height=\"768\" data-id=\"4800\" src=\"https:\/\/misericordiadesanfernando.com\/wp-content\/uploads\/2026\/04\/658438071_1391001689728292_1556950118125077258_n-1024x768.jpg\" alt=\"\" class=\"wp-image-4800\" srcset=\"https:\/\/misericordiadesanfernando.com\/wp-content\/uploads\/2026\/04\/658438071_1391001689728292_1556950118125077258_n-1024x768.jpg 1024w, https:\/\/misericordiadesanfernando.com\/wp-content\/uploads\/2026\/04\/658438071_1391001689728292_1556950118125077258_n-300x225.jpg 300w, https:\/\/misericordiadesanfernando.com\/wp-content\/uploads\/2026\/04\/658438071_1391001689728292_1556950118125077258_n-768x576.jpg 768w, https:\/\/misericordiadesanfernando.com\/wp-content\/uploads\/2026\/04\/658438071_1391001689728292_1556950118125077258_n-1536x1152.jpg 1536w, https:\/\/misericordiadesanfernando.com\/wp-content\/uploads\/2026\/04\/658438071_1391001689728292_1556950118125077258_n.jpg 2048w\" sizes=\"auto, (max-width: 1024px) 100vw, 1024px\" \/><\/figure>\n\n\n\n<figure class=\"wp-block-image size-large\"><img loading=\"lazy\" decoding=\"async\" width=\"1024\" height=\"768\" data-id=\"4802\" src=\"https:\/\/misericordiadesanfernando.com\/wp-content\/uploads\/2026\/04\/659824360_1391001739728287_9053241783511051921_n-1024x768.jpg\" alt=\"\" class=\"wp-image-4802\" srcset=\"https:\/\/misericordiadesanfernando.com\/wp-content\/uploads\/2026\/04\/659824360_1391001739728287_9053241783511051921_n-1024x768.jpg 1024w, https:\/\/misericordiadesanfernando.com\/wp-content\/uploads\/2026\/04\/659824360_1391001739728287_9053241783511051921_n-300x225.jpg 300w, https:\/\/misericordiadesanfernando.com\/wp-content\/uploads\/2026\/04\/659824360_1391001739728287_9053241783511051921_n-768x576.jpg 768w, https:\/\/misericordiadesanfernando.com\/wp-content\/uploads\/2026\/04\/659824360_1391001739728287_9053241783511051921_n-1536x1152.jpg 1536w, https:\/\/misericordiadesanfernando.com\/wp-content\/uploads\/2026\/04\/659824360_1391001739728287_9053241783511051921_n.jpg 2048w\" sizes=\"auto, (max-width: 1024px) 100vw, 1024px\" \/><\/figure>\n\n\n\n<figure class=\"wp-block-image size-large\"><img loading=\"lazy\" decoding=\"async\" width=\"1024\" height=\"768\" data-id=\"4801\" src=\"https:\/\/misericordiadesanfernando.com\/wp-content\/uploads\/2026\/04\/662040611_1391001696394958_2804714640799886179_n-1024x768.jpg\" alt=\"\" class=\"wp-image-4801\" srcset=\"https:\/\/misericordiadesanfernando.com\/wp-content\/uploads\/2026\/04\/662040611_1391001696394958_2804714640799886179_n-1024x768.jpg 1024w, https:\/\/misericordiadesanfernando.com\/wp-content\/uploads\/2026\/04\/662040611_1391001696394958_2804714640799886179_n-300x225.jpg 300w, https:\/\/misericordiadesanfernando.com\/wp-content\/uploads\/2026\/04\/662040611_1391001696394958_2804714640799886179_n-768x576.jpg 768w, https:\/\/misericordiadesanfernando.com\/wp-content\/uploads\/2026\/04\/662040611_1391001696394958_2804714640799886179_n-1536x1152.jpg 1536w, https:\/\/misericordiadesanfernando.com\/wp-content\/uploads\/2026\/04\/662040611_1391001696394958_2804714640799886179_n.jpg 2048w\" sizes=\"auto, (max-width: 1024px) 100vw, 1024px\" \/><\/figure>\n<\/figure>\n","protected":false},"excerpt":{"rendered":"<p>Nuestra Hermandad, cumpliendo con lo establecido en el Reglamento de R\u00e9gimen Interno, participa en el cortejo luctuoso de la procesi\u00f3n del Santo Entierro de Nuestro Se\u00f1or Jesucristo.<\/p>\n","protected":false},"author":3,"featured_media":0,"comment_status":"closed","ping_status":"closed","sticky":false,"template":"","format":"standard","meta":{"footnotes":""},"categories":[39],"tags":[],"class_list":["post-4799","post","type-post","status-publish","format-standard","hentry","category-actualidad"],"_links":{"self":[{"href":"https:\/\/misericordiadesanfernando.com\/index.php\/wp-json\/wp\/v2\/posts\/4799","targetHints":{"allow":["GET"]}}],"collection":[{"href":"https:\/\/misericordiadesanfernando.com\/index.php\/wp-json\/wp\/v2\/posts"}],"about":[{"href":"https:\/\/misericordiadesanfernando.com\/index.php\/wp-json\/wp\/v2\/types\/post"}],"author":[{"embeddable":true,"href":"https:\/\/misericordiadesanfernando.com\/index.php\/wp-json\/wp\/v2\/users\/3"}],"replies":[{"embeddable":true,"href":"https:\/\/misericordiadesanfernando.com\/index.php\/wp-json\/wp\/v2\/comments?post=4799"}],"version-history":[{"count":1,"href":"https:\/\/misericordiadesanfernando.com\/index.php\/wp-json\/wp\/v2\/posts\/4799\/revisions"}],"predecessor-version":[{"id":4803,"href":"https:\/\/misericordiadesanfernando.com\/index.php\/wp-json\/wp\/v2\/posts\/4799\/revisions\/4803"}],"wp:attachment":[{"href":"https:\/\/misericordiadesanfernando.com\/index.php\/wp-json\/wp\/v2\/media?parent=4799"}],"wp:term":[{"taxonomy":"category","embeddable":true,"href":"https:\/\/misericordiadesanfernando.com\/index.php\/wp-json\/wp\/v2\/categories?post=4799"},{"taxonomy":"post_tag","embeddable":true,"href":"https:\/\/misericordiadesanfernando.com\/index.php\/wp-json\/wp\/v2\/tags?post=4799"}],"curies":[{"name":"wp","href":"https:\/\/api.w.org\/{rel}","templated":true}]}}