{"id":4769,"date":"2026-04-06T19:59:59","date_gmt":"2026-04-06T17:59:59","guid":{"rendered":"https:\/\/misericordiadesanfernando.com\/?p=4769"},"modified":"2026-04-06T20:00:00","modified_gmt":"2026-04-06T18:00:00","slug":"el-regreso-de-la-cruz-roja-a-la-misericordia-jueves-santo-2026","status":"publish","type":"post","link":"https:\/\/misericordiadesanfernando.com\/index.php\/2026\/04\/06\/el-regreso-de-la-cruz-roja-a-la-misericordia-jueves-santo-2026\/","title":{"rendered":"EL REGRESO DE LA CRUZ ROJA A LA MISERICORDIA | Jueves Santo 2026"},"content":{"rendered":"\n<p>Fueron intensos y emotivos los momentos que se vivieron durante toda la jornada de ayer en el barrio de la Pastora, pero especialmente, hubo uno que era muy especial esperado.<\/p>\n\n\n\n<p>M\u00fasicos de la Banda Agripino Lozano &#8211; Cruz Roja de San Fernando quisieron testimoniar su cercan\u00eda y cari\u00f1o hacia la Sant\u00edsima Virgen de la Piedad momentos antes del inicio de la Estaci\u00f3n de Penitencia, gesto que les honra, y que puso de manifiesto la ilusi\u00f3n por un nuevo Jueves Santo.<\/p>\n\n\n\n<figure class=\"wp-block-gallery has-nested-images columns-default is-cropped wp-block-gallery-1 is-layout-flex wp-block-gallery-is-layout-flex\">\n<figure class=\"wp-block-image size-large\"><img loading=\"lazy\" decoding=\"async\" width=\"1024\" height=\"768\" data-id=\"4770\" src=\"https:\/\/misericordiadesanfernando.com\/wp-content\/uploads\/2026\/04\/659063889_1390738753087919_6564129265418481693_n-1024x768.jpg\" alt=\"\" class=\"wp-image-4770\" srcset=\"https:\/\/misericordiadesanfernando.com\/wp-content\/uploads\/2026\/04\/659063889_1390738753087919_6564129265418481693_n-1024x768.jpg 1024w, https:\/\/misericordiadesanfernando.com\/wp-content\/uploads\/2026\/04\/659063889_1390738753087919_6564129265418481693_n-300x225.jpg 300w, https:\/\/misericordiadesanfernando.com\/wp-content\/uploads\/2026\/04\/659063889_1390738753087919_6564129265418481693_n-768x576.jpg 768w, https:\/\/misericordiadesanfernando.com\/wp-content\/uploads\/2026\/04\/659063889_1390738753087919_6564129265418481693_n-1536x1152.jpg 1536w, https:\/\/misericordiadesanfernando.com\/wp-content\/uploads\/2026\/04\/659063889_1390738753087919_6564129265418481693_n.jpg 1600w\" sizes=\"auto, (max-width: 1024px) 100vw, 1024px\" \/><\/figure>\n\n\n\n<figure class=\"wp-block-image size-large\"><img loading=\"lazy\" decoding=\"async\" width=\"1024\" height=\"768\" data-id=\"4771\" src=\"https:\/\/misericordiadesanfernando.com\/wp-content\/uploads\/2026\/04\/660075289_1390738749754586_4423016482716861175_n-1024x768.jpg\" alt=\"\" class=\"wp-image-4771\" srcset=\"https:\/\/misericordiadesanfernando.com\/wp-content\/uploads\/2026\/04\/660075289_1390738749754586_4423016482716861175_n-1024x768.jpg 1024w, https:\/\/misericordiadesanfernando.com\/wp-content\/uploads\/2026\/04\/660075289_1390738749754586_4423016482716861175_n-300x225.jpg 300w, https:\/\/misericordiadesanfernando.com\/wp-content\/uploads\/2026\/04\/660075289_1390738749754586_4423016482716861175_n-768x576.jpg 768w, https:\/\/misericordiadesanfernando.com\/wp-content\/uploads\/2026\/04\/660075289_1390738749754586_4423016482716861175_n-1536x1152.jpg 1536w, https:\/\/misericordiadesanfernando.com\/wp-content\/uploads\/2026\/04\/660075289_1390738749754586_4423016482716861175_n.jpg 1600w\" sizes=\"auto, (max-width: 1024px) 100vw, 1024px\" \/><\/figure>\n<\/figure>\n","protected":false},"excerpt":{"rendered":"<p>Fueron intensos y emotivos los momentos que se vivieron durante toda la jornada de ayer en el barrio de la Pastora, pero especialmente, hubo uno que era muy especial esperado.&hellip;<\/p>\n","protected":false},"author":3,"featured_media":0,"comment_status":"closed","ping_status":"closed","sticky":false,"template":"","format":"standard","meta":{"footnotes":""},"categories":[39],"tags":[],"class_list":["post-4769","post","type-post","status-publish","format-standard","hentry","category-actualidad"],"_links":{"self":[{"href":"https:\/\/misericordiadesanfernando.com\/index.php\/wp-json\/wp\/v2\/posts\/4769","targetHints":{"allow":["GET"]}}],"collection":[{"href":"https:\/\/misericordiadesanfernando.com\/index.php\/wp-json\/wp\/v2\/posts"}],"about":[{"href":"https:\/\/misericordiadesanfernando.com\/index.php\/wp-json\/wp\/v2\/types\/post"}],"author":[{"embeddable":true,"href":"https:\/\/misericordiadesanfernando.com\/index.php\/wp-json\/wp\/v2\/users\/3"}],"replies":[{"embeddable":true,"href":"https:\/\/misericordiadesanfernando.com\/index.php\/wp-json\/wp\/v2\/comments?post=4769"}],"version-history":[{"count":1,"href":"https:\/\/misericordiadesanfernando.com\/index.php\/wp-json\/wp\/v2\/posts\/4769\/revisions"}],"predecessor-version":[{"id":4772,"href":"https:\/\/misericordiadesanfernando.com\/index.php\/wp-json\/wp\/v2\/posts\/4769\/revisions\/4772"}],"wp:attachment":[{"href":"https:\/\/misericordiadesanfernando.com\/index.php\/wp-json\/wp\/v2\/media?parent=4769"}],"wp:term":[{"taxonomy":"category","embeddable":true,"href":"https:\/\/misericordiadesanfernando.com\/index.php\/wp-json\/wp\/v2\/categories?post=4769"},{"taxonomy":"post_tag","embeddable":true,"href":"https:\/\/misericordiadesanfernando.com\/index.php\/wp-json\/wp\/v2\/tags?post=4769"}],"curies":[{"name":"wp","href":"https:\/\/api.w.org\/{rel}","templated":true}]}}