{"id":4724,"date":"2026-04-06T17:30:02","date_gmt":"2026-04-06T15:30:02","guid":{"rendered":"https:\/\/misericordiadesanfernando.com\/?p=4724"},"modified":"2026-04-06T17:30:03","modified_gmt":"2026-04-06T15:30:03","slug":"con-la-hermandad-del-perdon-jueves-santo-2026","status":"publish","type":"post","link":"https:\/\/misericordiadesanfernando.com\/index.php\/2026\/04\/06\/con-la-hermandad-del-perdon-jueves-santo-2026\/","title":{"rendered":"CON LA HERMANDAD DEL PERD\u00d3N | Jueves Santo 2026"},"content":{"rendered":"\n<p>Hace unos instantes, una delegaci\u00f3n de la Junta de Gobierno ha visitado la Parroquia de la Inmaculada para realizar una ofrenda floral a la Sant\u00edsima Virgen de la Paz, con motivo de su primera salida procesional.<\/p>\n\n\n\n<p>Con este sencillo pero significativo gesto, hemos querido testimoniar nuestro j\u00fabilo y alegr\u00eda por esta jornada hist\u00f3rica para la Hermandad del Perd\u00f3n, compartiendo con ellos la emoci\u00f3n y la esperanza que marcan este d\u00eda tan especial para los cofrades de la Caser\u00eda.<\/p>\n\n\n\n<p>Que la Sant\u00edsima Virgen de la Paz bendiga siempre a su Hermandad y a todos los vecinos de su barrio.<\/p>\n\n\n\n<figure class=\"wp-block-image size-large\"><img loading=\"lazy\" decoding=\"async\" width=\"1024\" height=\"768\" src=\"https:\/\/misericordiadesanfernando.com\/wp-content\/uploads\/2026\/04\/658885473_1389758033185991_7042577159130911596_n-1024x768.jpg\" alt=\"\" class=\"wp-image-4725\" srcset=\"https:\/\/misericordiadesanfernando.com\/wp-content\/uploads\/2026\/04\/658885473_1389758033185991_7042577159130911596_n-1024x768.jpg 1024w, https:\/\/misericordiadesanfernando.com\/wp-content\/uploads\/2026\/04\/658885473_1389758033185991_7042577159130911596_n-300x225.jpg 300w, https:\/\/misericordiadesanfernando.com\/wp-content\/uploads\/2026\/04\/658885473_1389758033185991_7042577159130911596_n-768x576.jpg 768w, https:\/\/misericordiadesanfernando.com\/wp-content\/uploads\/2026\/04\/658885473_1389758033185991_7042577159130911596_n-1536x1152.jpg 1536w, https:\/\/misericordiadesanfernando.com\/wp-content\/uploads\/2026\/04\/658885473_1389758033185991_7042577159130911596_n.jpg 1600w\" sizes=\"auto, (max-width: 1024px) 100vw, 1024px\" \/><\/figure>\n","protected":false},"excerpt":{"rendered":"<p>Hace unos instantes, una delegaci\u00f3n de la Junta de Gobierno ha visitado la Parroquia de la Inmaculada para realizar una ofrenda floral a la Sant\u00edsima Virgen de la Paz, con&hellip;<\/p>\n","protected":false},"author":3,"featured_media":0,"comment_status":"closed","ping_status":"closed","sticky":false,"template":"","format":"standard","meta":{"footnotes":""},"categories":[39],"tags":[],"class_list":["post-4724","post","type-post","status-publish","format-standard","hentry","category-actualidad"],"_links":{"self":[{"href":"https:\/\/misericordiadesanfernando.com\/index.php\/wp-json\/wp\/v2\/posts\/4724","targetHints":{"allow":["GET"]}}],"collection":[{"href":"https:\/\/misericordiadesanfernando.com\/index.php\/wp-json\/wp\/v2\/posts"}],"about":[{"href":"https:\/\/misericordiadesanfernando.com\/index.php\/wp-json\/wp\/v2\/types\/post"}],"author":[{"embeddable":true,"href":"https:\/\/misericordiadesanfernando.com\/index.php\/wp-json\/wp\/v2\/users\/3"}],"replies":[{"embeddable":true,"href":"https:\/\/misericordiadesanfernando.com\/index.php\/wp-json\/wp\/v2\/comments?post=4724"}],"version-history":[{"count":1,"href":"https:\/\/misericordiadesanfernando.com\/index.php\/wp-json\/wp\/v2\/posts\/4724\/revisions"}],"predecessor-version":[{"id":4726,"href":"https:\/\/misericordiadesanfernando.com\/index.php\/wp-json\/wp\/v2\/posts\/4724\/revisions\/4726"}],"wp:attachment":[{"href":"https:\/\/misericordiadesanfernando.com\/index.php\/wp-json\/wp\/v2\/media?parent=4724"}],"wp:term":[{"taxonomy":"category","embeddable":true,"href":"https:\/\/misericordiadesanfernando.com\/index.php\/wp-json\/wp\/v2\/categories?post=4724"},{"taxonomy":"post_tag","embeddable":true,"href":"https:\/\/misericordiadesanfernando.com\/index.php\/wp-json\/wp\/v2\/tags?post=4724"}],"curies":[{"name":"wp","href":"https:\/\/api.w.org\/{rel}","templated":true}]}}