{"id":4665,"date":"2026-04-06T17:22:59","date_gmt":"2026-04-06T15:22:59","guid":{"rendered":"https:\/\/misericordiadesanfernando.com\/?p=4665"},"modified":"2026-04-06T17:23:00","modified_gmt":"2026-04-06T15:23:00","slug":"la-misericordia-con-la-virgen-de-la-paz-jueves-santo-2026","status":"publish","type":"post","link":"https:\/\/misericordiadesanfernando.com\/index.php\/2026\/04\/06\/la-misericordia-con-la-virgen-de-la-paz-jueves-santo-2026\/","title":{"rendered":"LA MISERICORDIA CON LA VIRGEN DE LA PAZ | Jueves Santo 2026"},"content":{"rendered":"\n<p>Como anunciamos el pasado viernes, el paso de misterio de nuestro Sagrado y Amant\u00edsimo Titular, Jes\u00fas de la Misericordia luce en uno de sus candelabros de guardabrisas un sudario con el lema \u00abPAX\u00bb, portado por la pareja de \u00e1ngeles del paso que lo flanquean, como s\u00edmbolo de alegr\u00eda por la primera salida procesional de la Sant\u00edsima Virgen de la Paz en la tarde del Jueves Santo isle\u00f1o.<\/p>\n\n\n\n<p>Dicho sudario posee un especial simbolismo y significado para los hermanos de la<\/p>\n\n\n\n<p>Misericordia, pues fue utilizado por la Hermandad en la Estaci\u00f3n de Penitencia del a\u00f1o 2022 \u2014 la primera tras la pandemia de la COVID-19-, en un tiempo marcado por la recuperaci\u00f3n paulatina de la vida cotidiana y el regreso a nuestras tradiciones m\u00e1s arraigadas.<\/p>\n\n\n\n<p>En aquel contexto, la Hermandad quiso elevar una oraci\u00f3n por la paz ante el dolor y la incertidumbre provocados por el conflicto b\u00e9lico en Ucrania, que tanto sufrimiento caus\u00f3 a miles de personas.<\/p>\n\n\n\n<p>Hoy es un motivo de gran alegr\u00eda, ver cumplidos los sue\u00f1os de todo un barrio y hermandad entorno a su Madre y Reina de la Paz.<\/p>\n\n\n\n<figure class=\"wp-block-gallery has-nested-images columns-default is-cropped wp-block-gallery-1 is-layout-flex wp-block-gallery-is-layout-flex\">\n<figure class=\"wp-block-image size-large\"><img loading=\"lazy\" decoding=\"async\" width=\"1024\" height=\"768\" data-id=\"4667\" src=\"https:\/\/misericordiadesanfernando.com\/wp-content\/uploads\/2026\/04\/658141586_1389238613237933_5210107172578261693_n-1024x768.jpg\" alt=\"\" class=\"wp-image-4667\" srcset=\"https:\/\/misericordiadesanfernando.com\/wp-content\/uploads\/2026\/04\/658141586_1389238613237933_5210107172578261693_n-1024x768.jpg 1024w, https:\/\/misericordiadesanfernando.com\/wp-content\/uploads\/2026\/04\/658141586_1389238613237933_5210107172578261693_n-300x225.jpg 300w, https:\/\/misericordiadesanfernando.com\/wp-content\/uploads\/2026\/04\/658141586_1389238613237933_5210107172578261693_n-768x576.jpg 768w, https:\/\/misericordiadesanfernando.com\/wp-content\/uploads\/2026\/04\/658141586_1389238613237933_5210107172578261693_n-1536x1152.jpg 1536w, https:\/\/misericordiadesanfernando.com\/wp-content\/uploads\/2026\/04\/658141586_1389238613237933_5210107172578261693_n.jpg 2048w\" sizes=\"auto, (max-width: 1024px) 100vw, 1024px\" \/><\/figure>\n\n\n\n<figure class=\"wp-block-image size-large\"><img loading=\"lazy\" decoding=\"async\" width=\"1024\" height=\"768\" data-id=\"4666\" src=\"https:\/\/misericordiadesanfernando.com\/wp-content\/uploads\/2026\/04\/662344086_1389238619904599_3149892730280844943_n-1024x768.jpg\" alt=\"\" class=\"wp-image-4666\" srcset=\"https:\/\/misericordiadesanfernando.com\/wp-content\/uploads\/2026\/04\/662344086_1389238619904599_3149892730280844943_n-1024x768.jpg 1024w, https:\/\/misericordiadesanfernando.com\/wp-content\/uploads\/2026\/04\/662344086_1389238619904599_3149892730280844943_n-300x225.jpg 300w, https:\/\/misericordiadesanfernando.com\/wp-content\/uploads\/2026\/04\/662344086_1389238619904599_3149892730280844943_n-768x576.jpg 768w, https:\/\/misericordiadesanfernando.com\/wp-content\/uploads\/2026\/04\/662344086_1389238619904599_3149892730280844943_n-1536x1152.jpg 1536w, https:\/\/misericordiadesanfernando.com\/wp-content\/uploads\/2026\/04\/662344086_1389238619904599_3149892730280844943_n.jpg 2048w\" sizes=\"auto, (max-width: 1024px) 100vw, 1024px\" \/><\/figure>\n<\/figure>\n","protected":false},"excerpt":{"rendered":"<p>Como anunciamos el pasado viernes, el paso de misterio de nuestro Sagrado y Amant\u00edsimo Titular, Jes\u00fas de la Misericordia luce en uno de sus candelabros de guardabrisas un sudario con&hellip;<\/p>\n","protected":false},"author":3,"featured_media":0,"comment_status":"closed","ping_status":"closed","sticky":false,"template":"","format":"standard","meta":{"footnotes":""},"categories":[39],"tags":[],"class_list":["post-4665","post","type-post","status-publish","format-standard","hentry","category-actualidad"],"_links":{"self":[{"href":"https:\/\/misericordiadesanfernando.com\/index.php\/wp-json\/wp\/v2\/posts\/4665","targetHints":{"allow":["GET"]}}],"collection":[{"href":"https:\/\/misericordiadesanfernando.com\/index.php\/wp-json\/wp\/v2\/posts"}],"about":[{"href":"https:\/\/misericordiadesanfernando.com\/index.php\/wp-json\/wp\/v2\/types\/post"}],"author":[{"embeddable":true,"href":"https:\/\/misericordiadesanfernando.com\/index.php\/wp-json\/wp\/v2\/users\/3"}],"replies":[{"embeddable":true,"href":"https:\/\/misericordiadesanfernando.com\/index.php\/wp-json\/wp\/v2\/comments?post=4665"}],"version-history":[{"count":1,"href":"https:\/\/misericordiadesanfernando.com\/index.php\/wp-json\/wp\/v2\/posts\/4665\/revisions"}],"predecessor-version":[{"id":4668,"href":"https:\/\/misericordiadesanfernando.com\/index.php\/wp-json\/wp\/v2\/posts\/4665\/revisions\/4668"}],"wp:attachment":[{"href":"https:\/\/misericordiadesanfernando.com\/index.php\/wp-json\/wp\/v2\/media?parent=4665"}],"wp:term":[{"taxonomy":"category","embeddable":true,"href":"https:\/\/misericordiadesanfernando.com\/index.php\/wp-json\/wp\/v2\/categories?post=4665"},{"taxonomy":"post_tag","embeddable":true,"href":"https:\/\/misericordiadesanfernando.com\/index.php\/wp-json\/wp\/v2\/tags?post=4665"}],"curies":[{"name":"wp","href":"https:\/\/api.w.org\/{rel}","templated":true}]}}