{"id":4639,"date":"2026-04-06T17:12:46","date_gmt":"2026-04-06T15:12:46","guid":{"rendered":"https:\/\/misericordiadesanfernando.com\/?p=4639"},"modified":"2026-04-06T17:12:47","modified_gmt":"2026-04-06T15:12:47","slug":"visita-de-los-pasos-procesionales-jueves-santo-2026-2","status":"publish","type":"post","link":"https:\/\/misericordiadesanfernando.com\/index.php\/2026\/04\/06\/visita-de-los-pasos-procesionales-jueves-santo-2026-2\/","title":{"rendered":"VISITA DE LOS PASOS PROCESIONALES | Jueves Santo 2026"},"content":{"rendered":"\n<p>El horario de apertura del templo el Jueves Santo, para la visita de los pasos procesionales ya dispuestos para la Salida Procesional y el Altar de Insignias de la Cofrad\u00eda ser\u00e1 de 09:30 a 12:30 horas.<\/p>\n\n\n\n<p>A las 10:00 horas tendr\u00e1 lugar el comienzo del recibimiento de las visitas protocolarias.<\/p>\n\n\n\n<p>A las 12:00 horas tendr\u00e1 lugar el Rezo del \u00c1ngelus a la Sant\u00edsima Virgen de la Piedad y la Oraci\u00f3n a Nuestro Padre Jes\u00fas de la Misericordia.<\/p>\n\n\n\n<p>Invitamos a todos nuestros hermanos, devotos de las Sagradas Im\u00e1genes, vecinos del barrio y al pueblo de San Fernando a que nos acompa\u00f1en y compartan con los cofrades de la Misericordia tan importante jornada.<\/p>\n\n\n\n<figure class=\"wp-block-image size-large\"><img loading=\"lazy\" decoding=\"async\" width=\"1024\" height=\"1024\" src=\"https:\/\/misericordiadesanfernando.com\/wp-content\/uploads\/2026\/04\/660501225_1388907309937730_7690493820147610535_n-1024x1024.jpg\" alt=\"\" class=\"wp-image-4640\" srcset=\"https:\/\/misericordiadesanfernando.com\/wp-content\/uploads\/2026\/04\/660501225_1388907309937730_7690493820147610535_n-1024x1024.jpg 1024w, https:\/\/misericordiadesanfernando.com\/wp-content\/uploads\/2026\/04\/660501225_1388907309937730_7690493820147610535_n-300x300.jpg 300w, https:\/\/misericordiadesanfernando.com\/wp-content\/uploads\/2026\/04\/660501225_1388907309937730_7690493820147610535_n-150x150.jpg 150w, https:\/\/misericordiadesanfernando.com\/wp-content\/uploads\/2026\/04\/660501225_1388907309937730_7690493820147610535_n-768x768.jpg 768w, https:\/\/misericordiadesanfernando.com\/wp-content\/uploads\/2026\/04\/660501225_1388907309937730_7690493820147610535_n.jpg 1080w\" sizes=\"auto, (max-width: 1024px) 100vw, 1024px\" \/><\/figure>\n","protected":false},"excerpt":{"rendered":"<p>El horario de apertura del templo el Jueves Santo, para la visita de los pasos procesionales ya dispuestos para la Salida Procesional y el Altar de Insignias de la Cofrad\u00eda&hellip;<\/p>\n","protected":false},"author":3,"featured_media":0,"comment_status":"closed","ping_status":"closed","sticky":false,"template":"","format":"standard","meta":{"footnotes":""},"categories":[39],"tags":[],"class_list":["post-4639","post","type-post","status-publish","format-standard","hentry","category-actualidad"],"_links":{"self":[{"href":"https:\/\/misericordiadesanfernando.com\/index.php\/wp-json\/wp\/v2\/posts\/4639","targetHints":{"allow":["GET"]}}],"collection":[{"href":"https:\/\/misericordiadesanfernando.com\/index.php\/wp-json\/wp\/v2\/posts"}],"about":[{"href":"https:\/\/misericordiadesanfernando.com\/index.php\/wp-json\/wp\/v2\/types\/post"}],"author":[{"embeddable":true,"href":"https:\/\/misericordiadesanfernando.com\/index.php\/wp-json\/wp\/v2\/users\/3"}],"replies":[{"embeddable":true,"href":"https:\/\/misericordiadesanfernando.com\/index.php\/wp-json\/wp\/v2\/comments?post=4639"}],"version-history":[{"count":1,"href":"https:\/\/misericordiadesanfernando.com\/index.php\/wp-json\/wp\/v2\/posts\/4639\/revisions"}],"predecessor-version":[{"id":4641,"href":"https:\/\/misericordiadesanfernando.com\/index.php\/wp-json\/wp\/v2\/posts\/4639\/revisions\/4641"}],"wp:attachment":[{"href":"https:\/\/misericordiadesanfernando.com\/index.php\/wp-json\/wp\/v2\/media?parent=4639"}],"wp:term":[{"taxonomy":"category","embeddable":true,"href":"https:\/\/misericordiadesanfernando.com\/index.php\/wp-json\/wp\/v2\/categories?post=4639"},{"taxonomy":"post_tag","embeddable":true,"href":"https:\/\/misericordiadesanfernando.com\/index.php\/wp-json\/wp\/v2\/tags?post=4639"}],"curies":[{"name":"wp","href":"https:\/\/api.w.org\/{rel}","templated":true}]}}