{"id":4636,"date":"2026-04-06T17:11:56","date_gmt":"2026-04-06T15:11:56","guid":{"rendered":"https:\/\/misericordiadesanfernando.com\/?p=4636"},"modified":"2026-04-06T17:11:58","modified_gmt":"2026-04-06T15:11:58","slug":"martes-santo-en-la-pastora-con-nuestros-hermanos-del-huerto","status":"publish","type":"post","link":"https:\/\/misericordiadesanfernando.com\/index.php\/2026\/04\/06\/martes-santo-en-la-pastora-con-nuestros-hermanos-del-huerto\/","title":{"rendered":"MARTES SANTO EN LA PASTORA | Con nuestros hermanos del Huerto"},"content":{"rendered":"\n<p>En la ma\u00f1ana del pasado martes tuvimos la alegr\u00eda de compartir unos momentos emotivos junto a la Hermandad del Huerto, realizando la tradicional ofrenda floral a sus Sagrados Titulares.<\/p>\n\n\n\n<p>Un encuentro cargado de fraternidad, devoci\u00f3n y cari\u00f1o que fortalece los lazos que nos unen como hermandades.<\/p>\n\n\n\n<p>Desde aqu\u00ed les deseamos una fruct\u00edfera Estaci\u00f3n de Penitencia, que sea camino de fe, recogimiento y testimonio cristiano.<\/p>\n\n\n\n<p>Que el Se\u00f1or que ora en el Huerto, en la intimidad de su entrega, derrame consuelo y esperanza sobre toda la Isla.<\/p>\n\n\n\n<figure class=\"wp-block-image size-large\"><img loading=\"lazy\" decoding=\"async\" width=\"1024\" height=\"768\" src=\"https:\/\/misericordiadesanfernando.com\/wp-content\/uploads\/2026\/04\/657700403_1388150550013406_5091262605686638859_n-1024x768.jpg\" alt=\"\" class=\"wp-image-4637\" srcset=\"https:\/\/misericordiadesanfernando.com\/wp-content\/uploads\/2026\/04\/657700403_1388150550013406_5091262605686638859_n-1024x768.jpg 1024w, https:\/\/misericordiadesanfernando.com\/wp-content\/uploads\/2026\/04\/657700403_1388150550013406_5091262605686638859_n-300x225.jpg 300w, https:\/\/misericordiadesanfernando.com\/wp-content\/uploads\/2026\/04\/657700403_1388150550013406_5091262605686638859_n-768x576.jpg 768w, https:\/\/misericordiadesanfernando.com\/wp-content\/uploads\/2026\/04\/657700403_1388150550013406_5091262605686638859_n-1536x1152.jpg 1536w, https:\/\/misericordiadesanfernando.com\/wp-content\/uploads\/2026\/04\/657700403_1388150550013406_5091262605686638859_n.jpg 1600w\" sizes=\"auto, (max-width: 1024px) 100vw, 1024px\" \/><\/figure>\n","protected":false},"excerpt":{"rendered":"<p>En la ma\u00f1ana del pasado martes tuvimos la alegr\u00eda de compartir unos momentos emotivos junto a la Hermandad del Huerto, realizando la tradicional ofrenda floral a sus Sagrados Titulares. Un&hellip;<\/p>\n","protected":false},"author":3,"featured_media":0,"comment_status":"closed","ping_status":"closed","sticky":false,"template":"","format":"standard","meta":{"footnotes":""},"categories":[39],"tags":[],"class_list":["post-4636","post","type-post","status-publish","format-standard","hentry","category-actualidad"],"_links":{"self":[{"href":"https:\/\/misericordiadesanfernando.com\/index.php\/wp-json\/wp\/v2\/posts\/4636","targetHints":{"allow":["GET"]}}],"collection":[{"href":"https:\/\/misericordiadesanfernando.com\/index.php\/wp-json\/wp\/v2\/posts"}],"about":[{"href":"https:\/\/misericordiadesanfernando.com\/index.php\/wp-json\/wp\/v2\/types\/post"}],"author":[{"embeddable":true,"href":"https:\/\/misericordiadesanfernando.com\/index.php\/wp-json\/wp\/v2\/users\/3"}],"replies":[{"embeddable":true,"href":"https:\/\/misericordiadesanfernando.com\/index.php\/wp-json\/wp\/v2\/comments?post=4636"}],"version-history":[{"count":1,"href":"https:\/\/misericordiadesanfernando.com\/index.php\/wp-json\/wp\/v2\/posts\/4636\/revisions"}],"predecessor-version":[{"id":4638,"href":"https:\/\/misericordiadesanfernando.com\/index.php\/wp-json\/wp\/v2\/posts\/4636\/revisions\/4638"}],"wp:attachment":[{"href":"https:\/\/misericordiadesanfernando.com\/index.php\/wp-json\/wp\/v2\/media?parent=4636"}],"wp:term":[{"taxonomy":"category","embeddable":true,"href":"https:\/\/misericordiadesanfernando.com\/index.php\/wp-json\/wp\/v2\/categories?post=4636"},{"taxonomy":"post_tag","embeddable":true,"href":"https:\/\/misericordiadesanfernando.com\/index.php\/wp-json\/wp\/v2\/tags?post=4636"}],"curies":[{"name":"wp","href":"https:\/\/api.w.org\/{rel}","templated":true}]}}