{"id":4095,"date":"2026-03-08T11:40:11","date_gmt":"2026-03-08T10:40:11","guid":{"rendered":"https:\/\/misericordiadesanfernando.com\/?p=4095"},"modified":"2026-03-08T11:40:12","modified_gmt":"2026-03-08T10:40:12","slug":"obituario-2","status":"publish","type":"post","link":"https:\/\/misericordiadesanfernando.com\/index.php\/2026\/03\/08\/obituario-2\/","title":{"rendered":"OBITUARIO |"},"content":{"rendered":"\n<p>En el d\u00eda de hoy hemos recibido la triste noticia del fallecimiento de (\u271e) Don Manuel Gorrado Carmelo (\u271e), el cual goza ya de la compa\u00f1\u00eda del Alt\u00edsimo, creencia que persigue nuestra fe y que debe ser el b\u00e1lsamo que consuele a la familia ante su p\u00e9rdida.<\/p>\n\n\n\n<p>Manuel era abuelo y suegro de una reconocida familia de cofrades de la Misericordia.<\/p>\n\n\n\n<p>Desde la Junta de Gobierno y en nombre de todos los Hermanos, queremos transmitir nuestro m\u00e1s sentido p\u00e9same a todos sus familiares y allegados por su p\u00e9rdida, mostrando todo nuestro apoyo en estos momentos dif\u00edciles.<\/p>\n\n\n\n<p>Que Nuestro Padre Jes\u00fas de la Misericordia y Mar\u00eda Sant\u00edsima de la Piedad lo acojan en su Santa gloria.<\/p>\n\n\n\n<p>Dale, Se\u00f1or el descanso eterno. Brille para Don Manuel Gorrado la Luz perpetua.<\/p>\n\n\n\n<p>(\u271e) Descanse en Paz. (\u271e)<\/p>\n\n\n\n<figure class=\"wp-block-image size-large\"><img loading=\"lazy\" decoding=\"async\" width=\"1024\" height=\"1024\" src=\"https:\/\/misericordiadesanfernando.com\/wp-content\/uploads\/2026\/03\/IMG_9663-1024x1024.jpeg\" alt=\"\" class=\"wp-image-4096\" srcset=\"https:\/\/misericordiadesanfernando.com\/wp-content\/uploads\/2026\/03\/IMG_9663-1024x1024.jpeg 1024w, https:\/\/misericordiadesanfernando.com\/wp-content\/uploads\/2026\/03\/IMG_9663-300x300.jpeg 300w, https:\/\/misericordiadesanfernando.com\/wp-content\/uploads\/2026\/03\/IMG_9663-150x150.jpeg 150w, https:\/\/misericordiadesanfernando.com\/wp-content\/uploads\/2026\/03\/IMG_9663-768x768.jpeg 768w, https:\/\/misericordiadesanfernando.com\/wp-content\/uploads\/2026\/03\/IMG_9663.jpeg 1440w\" sizes=\"auto, (max-width: 1024px) 100vw, 1024px\" \/><\/figure>\n","protected":false},"excerpt":{"rendered":"<p>En el d\u00eda de hoy hemos recibido la triste noticia del fallecimiento de (\u271e) Don Manuel Gorrado Carmelo (\u271e), el cual goza ya de la compa\u00f1\u00eda del Alt\u00edsimo, creencia que&hellip;<\/p>\n","protected":false},"author":3,"featured_media":0,"comment_status":"closed","ping_status":"closed","sticky":false,"template":"","format":"standard","meta":{"footnotes":""},"categories":[39],"tags":[],"class_list":["post-4095","post","type-post","status-publish","format-standard","hentry","category-actualidad"],"_links":{"self":[{"href":"https:\/\/misericordiadesanfernando.com\/index.php\/wp-json\/wp\/v2\/posts\/4095","targetHints":{"allow":["GET"]}}],"collection":[{"href":"https:\/\/misericordiadesanfernando.com\/index.php\/wp-json\/wp\/v2\/posts"}],"about":[{"href":"https:\/\/misericordiadesanfernando.com\/index.php\/wp-json\/wp\/v2\/types\/post"}],"author":[{"embeddable":true,"href":"https:\/\/misericordiadesanfernando.com\/index.php\/wp-json\/wp\/v2\/users\/3"}],"replies":[{"embeddable":true,"href":"https:\/\/misericordiadesanfernando.com\/index.php\/wp-json\/wp\/v2\/comments?post=4095"}],"version-history":[{"count":1,"href":"https:\/\/misericordiadesanfernando.com\/index.php\/wp-json\/wp\/v2\/posts\/4095\/revisions"}],"predecessor-version":[{"id":4097,"href":"https:\/\/misericordiadesanfernando.com\/index.php\/wp-json\/wp\/v2\/posts\/4095\/revisions\/4097"}],"wp:attachment":[{"href":"https:\/\/misericordiadesanfernando.com\/index.php\/wp-json\/wp\/v2\/media?parent=4095"}],"wp:term":[{"taxonomy":"category","embeddable":true,"href":"https:\/\/misericordiadesanfernando.com\/index.php\/wp-json\/wp\/v2\/categories?post=4095"},{"taxonomy":"post_tag","embeddable":true,"href":"https:\/\/misericordiadesanfernando.com\/index.php\/wp-json\/wp\/v2\/tags?post=4095"}],"curies":[{"name":"wp","href":"https:\/\/api.w.org\/{rel}","templated":true}]}}