{"id":4092,"date":"2026-03-08T03:07:42","date_gmt":"2026-03-08T02:07:42","guid":{"rendered":"https:\/\/misericordiadesanfernando.com\/?p=4092"},"modified":"2026-03-08T03:07:43","modified_gmt":"2026-03-08T02:07:43","slug":"solemne-funcion-principal-de-instituto-cuaresma-2026","status":"publish","type":"post","link":"https:\/\/misericordiadesanfernando.com\/index.php\/2026\/03\/08\/solemne-funcion-principal-de-instituto-cuaresma-2026\/","title":{"rendered":"SOLEMNE FUNCI\u00d3N PRINCIPAL DE INSTITUTO | Cuaresma 2026"},"content":{"rendered":"\n<p>DOMINGO 8 DE MARZO<br>12:30 horas &#8211; Solemne Funci\u00f3n Principal de Instituto, donde se realizar\u00e1 publica Protestaci\u00f3n de Fe.<\/p>\n\n\n\n<p>Invitamos a todos los fieles, feligreses, devotos y especialmente a nuestros hermanos a participar de esta Solemne Funci\u00f3n Principal de Instituto en Honor y Gloria de Jes\u00fas de la Misericordia, el Nazareno de la Pastora.<\/p>\n\n\n\n<p>EL SE\u00d1OR TE ESPERA, ACUDE A SU LLAMADA.<\/p>\n\n\n\n<figure class=\"wp-block-image size-full\"><img loading=\"lazy\" decoding=\"async\" width=\"940\" height=\"788\" src=\"https:\/\/misericordiadesanfernando.com\/wp-content\/uploads\/2026\/03\/Copia-de-Copia-de-Copia-de-Curso-Formativo-Misericordia-2.jpeg\" alt=\"\" class=\"wp-image-4093\" srcset=\"https:\/\/misericordiadesanfernando.com\/wp-content\/uploads\/2026\/03\/Copia-de-Copia-de-Copia-de-Curso-Formativo-Misericordia-2.jpeg 940w, https:\/\/misericordiadesanfernando.com\/wp-content\/uploads\/2026\/03\/Copia-de-Copia-de-Copia-de-Curso-Formativo-Misericordia-2-300x251.jpeg 300w, https:\/\/misericordiadesanfernando.com\/wp-content\/uploads\/2026\/03\/Copia-de-Copia-de-Copia-de-Curso-Formativo-Misericordia-2-768x644.jpeg 768w\" sizes=\"auto, (max-width: 940px) 100vw, 940px\" \/><\/figure>\n","protected":false},"excerpt":{"rendered":"<p>DOMINGO 8 DE MARZO12:30 horas &#8211; Solemne Funci\u00f3n Principal de Instituto, donde se realizar\u00e1 publica Protestaci\u00f3n de Fe. Invitamos a todos los fieles, feligreses, devotos y especialmente a nuestros hermanos&hellip;<\/p>\n","protected":false},"author":3,"featured_media":0,"comment_status":"closed","ping_status":"closed","sticky":false,"template":"","format":"standard","meta":{"footnotes":""},"categories":[39],"tags":[],"class_list":["post-4092","post","type-post","status-publish","format-standard","hentry","category-actualidad"],"_links":{"self":[{"href":"https:\/\/misericordiadesanfernando.com\/index.php\/wp-json\/wp\/v2\/posts\/4092","targetHints":{"allow":["GET"]}}],"collection":[{"href":"https:\/\/misericordiadesanfernando.com\/index.php\/wp-json\/wp\/v2\/posts"}],"about":[{"href":"https:\/\/misericordiadesanfernando.com\/index.php\/wp-json\/wp\/v2\/types\/post"}],"author":[{"embeddable":true,"href":"https:\/\/misericordiadesanfernando.com\/index.php\/wp-json\/wp\/v2\/users\/3"}],"replies":[{"embeddable":true,"href":"https:\/\/misericordiadesanfernando.com\/index.php\/wp-json\/wp\/v2\/comments?post=4092"}],"version-history":[{"count":1,"href":"https:\/\/misericordiadesanfernando.com\/index.php\/wp-json\/wp\/v2\/posts\/4092\/revisions"}],"predecessor-version":[{"id":4094,"href":"https:\/\/misericordiadesanfernando.com\/index.php\/wp-json\/wp\/v2\/posts\/4092\/revisions\/4094"}],"wp:attachment":[{"href":"https:\/\/misericordiadesanfernando.com\/index.php\/wp-json\/wp\/v2\/media?parent=4092"}],"wp:term":[{"taxonomy":"category","embeddable":true,"href":"https:\/\/misericordiadesanfernando.com\/index.php\/wp-json\/wp\/v2\/categories?post=4092"},{"taxonomy":"post_tag","embeddable":true,"href":"https:\/\/misericordiadesanfernando.com\/index.php\/wp-json\/wp\/v2\/tags?post=4092"}],"curies":[{"name":"wp","href":"https:\/\/api.w.org\/{rel}","templated":true}]}}