{"id":3953,"date":"2026-03-07T15:37:15","date_gmt":"2026-03-07T14:37:15","guid":{"rendered":"https:\/\/misericordiadesanfernando.com\/?p=3953"},"modified":"2026-03-07T15:37:16","modified_gmt":"2026-03-07T14:37:16","slug":"entrega-del-portafolios-al-pregonero-de-la-semana-santa-2026-actualidad","status":"publish","type":"post","link":"https:\/\/misericordiadesanfernando.com\/index.php\/2026\/03\/07\/entrega-del-portafolios-al-pregonero-de-la-semana-santa-2026-actualidad\/","title":{"rendered":"ENTREGA DEL PORTAFOLIOS AL PREGONERO DE LA SEMANA SANTA 2026 | Actualidad"},"content":{"rendered":"\n<p>En la ma\u00f1ana de hoy, tuvo lugar en la Sala Capitular de las Casas Consistoriales del Ayuntamiento de San Fernando el acto de entrega del portafolios al pregonero de la Semana Santa de San Fernando 2026, el cofrade isle\u00f1o Manuel \u00c1ngel Cano V\u00e9lez.<\/p>\n\n\n\n<p>Durante la ceremonia se hizo entrega del tradicional portafolios que acompa\u00f1ar\u00e1 al texto pregonero con el que se abrir\u00e1 las puertas a una nueva Semana Santa en la Isla.<\/p>\n\n\n\n<p>La Hermandad de la Misericordia de San Fernando estuvo presente en este significativo acto representada por su Hermano Mayor, quien quiso acompa\u00f1ar al pregonero en este momento tan especial, mostrando as\u00ed el apoyo y la cercan\u00eda de la corporaci\u00f3n.<\/p>\n\n\n\n<p>Desde la Hermandad se le desea a Manuel \u00c1ngel Cano V\u00e9lez acierto e inspiraci\u00f3n en la preparaci\u00f3n de su preg\u00f3n, confiando en que el pr\u00f3ximo Domingo de Pasi\u00f3n sus palabras sepan abrir el coraz\u00f3n de todos los cofrades y del pueblo de San Fernando para comenzar a vivir con intensidad y fe una nueva Semana Santa.<\/p>\n\n\n\n<figure class=\"wp-block-gallery has-nested-images columns-default is-cropped wp-block-gallery-1 is-layout-flex wp-block-gallery-is-layout-flex\">\n<figure class=\"wp-block-image size-large\"><img loading=\"lazy\" decoding=\"async\" width=\"1024\" height=\"683\" data-id=\"3954\" src=\"https:\/\/misericordiadesanfernando.com\/wp-content\/uploads\/2026\/03\/IMG_9548-1024x683.jpeg\" alt=\"\" class=\"wp-image-3954\" srcset=\"https:\/\/misericordiadesanfernando.com\/wp-content\/uploads\/2026\/03\/IMG_9548-1024x683.jpeg 1024w, https:\/\/misericordiadesanfernando.com\/wp-content\/uploads\/2026\/03\/IMG_9548-300x200.jpeg 300w, https:\/\/misericordiadesanfernando.com\/wp-content\/uploads\/2026\/03\/IMG_9548-768x512.jpeg 768w, https:\/\/misericordiadesanfernando.com\/wp-content\/uploads\/2026\/03\/IMG_9548-150x100.jpeg 150w, https:\/\/misericordiadesanfernando.com\/wp-content\/uploads\/2026\/03\/IMG_9548.jpeg 1536w\" sizes=\"auto, (max-width: 1024px) 100vw, 1024px\" \/><\/figure>\n\n\n\n<figure class=\"wp-block-image size-large\"><img loading=\"lazy\" decoding=\"async\" width=\"1024\" height=\"683\" data-id=\"3955\" src=\"https:\/\/misericordiadesanfernando.com\/wp-content\/uploads\/2026\/03\/IMG_9549.jpeg\" alt=\"\" class=\"wp-image-3955\" srcset=\"https:\/\/misericordiadesanfernando.com\/wp-content\/uploads\/2026\/03\/IMG_9549.jpeg 1024w, https:\/\/misericordiadesanfernando.com\/wp-content\/uploads\/2026\/03\/IMG_9549-300x200.jpeg 300w, https:\/\/misericordiadesanfernando.com\/wp-content\/uploads\/2026\/03\/IMG_9549-768x512.jpeg 768w, https:\/\/misericordiadesanfernando.com\/wp-content\/uploads\/2026\/03\/IMG_9549-150x100.jpeg 150w\" sizes=\"auto, (max-width: 1024px) 100vw, 1024px\" \/><\/figure>\n<\/figure>\n","protected":false},"excerpt":{"rendered":"<p>En la ma\u00f1ana de hoy, tuvo lugar en la Sala Capitular de las Casas Consistoriales del Ayuntamiento de San Fernando el acto de entrega del portafolios al pregonero de la&hellip;<\/p>\n","protected":false},"author":3,"featured_media":0,"comment_status":"closed","ping_status":"closed","sticky":false,"template":"","format":"standard","meta":{"footnotes":""},"categories":[39],"tags":[],"class_list":["post-3953","post","type-post","status-publish","format-standard","hentry","category-actualidad"],"_links":{"self":[{"href":"https:\/\/misericordiadesanfernando.com\/index.php\/wp-json\/wp\/v2\/posts\/3953","targetHints":{"allow":["GET"]}}],"collection":[{"href":"https:\/\/misericordiadesanfernando.com\/index.php\/wp-json\/wp\/v2\/posts"}],"about":[{"href":"https:\/\/misericordiadesanfernando.com\/index.php\/wp-json\/wp\/v2\/types\/post"}],"author":[{"embeddable":true,"href":"https:\/\/misericordiadesanfernando.com\/index.php\/wp-json\/wp\/v2\/users\/3"}],"replies":[{"embeddable":true,"href":"https:\/\/misericordiadesanfernando.com\/index.php\/wp-json\/wp\/v2\/comments?post=3953"}],"version-history":[{"count":1,"href":"https:\/\/misericordiadesanfernando.com\/index.php\/wp-json\/wp\/v2\/posts\/3953\/revisions"}],"predecessor-version":[{"id":3956,"href":"https:\/\/misericordiadesanfernando.com\/index.php\/wp-json\/wp\/v2\/posts\/3953\/revisions\/3956"}],"wp:attachment":[{"href":"https:\/\/misericordiadesanfernando.com\/index.php\/wp-json\/wp\/v2\/media?parent=3953"}],"wp:term":[{"taxonomy":"category","embeddable":true,"href":"https:\/\/misericordiadesanfernando.com\/index.php\/wp-json\/wp\/v2\/categories?post=3953"},{"taxonomy":"post_tag","embeddable":true,"href":"https:\/\/misericordiadesanfernando.com\/index.php\/wp-json\/wp\/v2\/tags?post=3953"}],"curies":[{"name":"wp","href":"https:\/\/api.w.org\/{rel}","templated":true}]}}