{"id":3949,"date":"2026-03-07T15:35:44","date_gmt":"2026-03-07T14:35:44","guid":{"rendered":"https:\/\/misericordiadesanfernando.com\/?p=3949"},"modified":"2026-03-07T15:35:45","modified_gmt":"2026-03-07T14:35:45","slug":"una-gran-efemeride-para-la-isla-con-la-santisima-virgen-del-carmen","status":"publish","type":"post","link":"https:\/\/misericordiadesanfernando.com\/index.php\/2026\/03\/07\/una-gran-efemeride-para-la-isla-con-la-santisima-virgen-del-carmen\/","title":{"rendered":"UNA GRAN EFEM\u00c9RIDE PARA LA ISLA | Con la Sant\u00edsima Virgen del Carmen"},"content":{"rendered":"\n<p>En la ma\u00f1ana de hoy, s\u00e1bado 7 de marzo, a las 12:30 horas, tuvo lugar en el Museo Naval de San Fernando la presentaci\u00f3n oficial de la programaci\u00f3n, el cartel anunciador y el logotipo conmemorativo con motivo del 75 aniversario de la Coronaci\u00f3n Can\u00f3nica Pontificia de la Virgen del Carmen y del 125 aniversario de su Patronazgo sobre la Armada Espa\u00f1ola.<\/p>\n\n\n\n<p>El acto, organizado por la Archicofrad\u00eda del Carmen de San Fernando, sirvi\u00f3 para dar a conocer los cultos, actos y celebraciones que se desarrollar\u00e1n durante este a\u00f1o conmemorativo, una efem\u00e9ride de especial relevancia tanto para la devoci\u00f3n carmelita como para la ciudad de San Fernando y la tradici\u00f3n marinera vinculada a la Sant\u00edsima Virgen.<\/p>\n\n\n\n<p>La Hermandad de la Misericordia estuvo representada en este acto por su Hermano Mayor, quien quiso acompa\u00f1ar a la corporaci\u00f3n hermana en un momento tan significativo. Con su presencia, la hermandad mostr\u00f3 su cercan\u00eda y fraternidad hacia la Archicofrad\u00eda del Carmen, felicit\u00e1ndola por estos importantes aniversarios y por la labor espiritual y devocional que, a lo largo de los a\u00f1os, ha sembrado en el pueblo isle\u00f1o.<\/p>\n\n\n\n<p>Desde la Hermandad de la Misericordia queremos trasladar una sincera enhorabuena a la Archicofrad\u00eda del Carmen por esta celebraci\u00f3n, deseando que este a\u00f1o contin\u00fae dando abundantes frutos de fe y devoci\u00f3n bajo el manto protector de la Sant\u00edsima Virgen del Carmen, que ampara y gu\u00eda al pueblo de La Isla.<\/p>\n\n\n\n<figure class=\"wp-block-gallery has-nested-images columns-default is-cropped wp-block-gallery-1 is-layout-flex wp-block-gallery-is-layout-flex\">\n<figure class=\"wp-block-image size-large\"><img loading=\"lazy\" decoding=\"async\" width=\"1024\" height=\"683\" data-id=\"3950\" src=\"https:\/\/misericordiadesanfernando.com\/wp-content\/uploads\/2026\/03\/IMG_9547.jpeg\" alt=\"\" class=\"wp-image-3950\" srcset=\"https:\/\/misericordiadesanfernando.com\/wp-content\/uploads\/2026\/03\/IMG_9547.jpeg 1024w, https:\/\/misericordiadesanfernando.com\/wp-content\/uploads\/2026\/03\/IMG_9547-300x200.jpeg 300w, https:\/\/misericordiadesanfernando.com\/wp-content\/uploads\/2026\/03\/IMG_9547-768x512.jpeg 768w, https:\/\/misericordiadesanfernando.com\/wp-content\/uploads\/2026\/03\/IMG_9547-150x100.jpeg 150w\" sizes=\"auto, (max-width: 1024px) 100vw, 1024px\" \/><\/figure>\n\n\n\n<figure class=\"wp-block-image size-large\"><img loading=\"lazy\" decoding=\"async\" width=\"1024\" height=\"683\" data-id=\"3951\" src=\"https:\/\/misericordiadesanfernando.com\/wp-content\/uploads\/2026\/03\/IMG_9546.jpeg\" alt=\"\" class=\"wp-image-3951\" srcset=\"https:\/\/misericordiadesanfernando.com\/wp-content\/uploads\/2026\/03\/IMG_9546.jpeg 1024w, https:\/\/misericordiadesanfernando.com\/wp-content\/uploads\/2026\/03\/IMG_9546-300x200.jpeg 300w, https:\/\/misericordiadesanfernando.com\/wp-content\/uploads\/2026\/03\/IMG_9546-768x512.jpeg 768w, https:\/\/misericordiadesanfernando.com\/wp-content\/uploads\/2026\/03\/IMG_9546-150x100.jpeg 150w\" sizes=\"auto, (max-width: 1024px) 100vw, 1024px\" \/><\/figure>\n<\/figure>\n","protected":false},"excerpt":{"rendered":"<p>En la ma\u00f1ana de hoy, s\u00e1bado 7 de marzo, a las 12:30 horas, tuvo lugar en el Museo Naval de San Fernando la presentaci\u00f3n oficial de la programaci\u00f3n, el cartel&hellip;<\/p>\n","protected":false},"author":3,"featured_media":0,"comment_status":"closed","ping_status":"closed","sticky":false,"template":"","format":"standard","meta":{"footnotes":""},"categories":[39],"tags":[],"class_list":["post-3949","post","type-post","status-publish","format-standard","hentry","category-actualidad"],"_links":{"self":[{"href":"https:\/\/misericordiadesanfernando.com\/index.php\/wp-json\/wp\/v2\/posts\/3949","targetHints":{"allow":["GET"]}}],"collection":[{"href":"https:\/\/misericordiadesanfernando.com\/index.php\/wp-json\/wp\/v2\/posts"}],"about":[{"href":"https:\/\/misericordiadesanfernando.com\/index.php\/wp-json\/wp\/v2\/types\/post"}],"author":[{"embeddable":true,"href":"https:\/\/misericordiadesanfernando.com\/index.php\/wp-json\/wp\/v2\/users\/3"}],"replies":[{"embeddable":true,"href":"https:\/\/misericordiadesanfernando.com\/index.php\/wp-json\/wp\/v2\/comments?post=3949"}],"version-history":[{"count":1,"href":"https:\/\/misericordiadesanfernando.com\/index.php\/wp-json\/wp\/v2\/posts\/3949\/revisions"}],"predecessor-version":[{"id":3952,"href":"https:\/\/misericordiadesanfernando.com\/index.php\/wp-json\/wp\/v2\/posts\/3949\/revisions\/3952"}],"wp:attachment":[{"href":"https:\/\/misericordiadesanfernando.com\/index.php\/wp-json\/wp\/v2\/media?parent=3949"}],"wp:term":[{"taxonomy":"category","embeddable":true,"href":"https:\/\/misericordiadesanfernando.com\/index.php\/wp-json\/wp\/v2\/categories?post=3949"},{"taxonomy":"post_tag","embeddable":true,"href":"https:\/\/misericordiadesanfernando.com\/index.php\/wp-json\/wp\/v2\/tags?post=3949"}],"curies":[{"name":"wp","href":"https:\/\/api.w.org\/{rel}","templated":true}]}}