{"id":3929,"date":"2026-03-07T09:32:44","date_gmt":"2026-03-07T08:32:44","guid":{"rendered":"https:\/\/misericordiadesanfernando.com\/?p=3929"},"modified":"2026-03-07T09:32:45","modified_gmt":"2026-03-07T08:32:45","slug":"tercer-dia-del-triduo-cuaresma-2026","status":"publish","type":"post","link":"https:\/\/misericordiadesanfernando.com\/index.php\/2026\/03\/07\/tercer-dia-del-triduo-cuaresma-2026\/","title":{"rendered":"TERCER D\u00cdA DEL TRIDUO | Cuaresma 2026"},"content":{"rendered":"\n<p>S\u00c1BADO 7 DE MARZO<br>20:00 horas &#8211; Santa Misa con homil\u00eda.<br>20:40 horas &#8211; Ejercicio del Santo y Piadoso VIA CRUCIS con la Imagen de Nuestro Padre Jes\u00fas de la Misericordia por las calles de la feligres\u00eda.<\/p>\n\n\n\n<p>Invitamos a todos los fieles, feligreses, devotos y especialmente a nuestros hermanos a participar de este primer tercer y ultimo de los Solemnes Cultos en Honor y Gloria de Jes\u00fas de la Misericordia, el Nazareno de la Pastora.<\/p>\n\n\n\n<p>EL SE\u00d1OR TE ESPERA, ACUDE A SU LLAMADA.<\/p>\n\n\n\n<figure class=\"wp-block-gallery has-nested-images columns-default is-cropped wp-block-gallery-1 is-layout-flex wp-block-gallery-is-layout-flex\">\n<figure class=\"wp-block-image size-large\"><img loading=\"lazy\" decoding=\"async\" width=\"940\" height=\"788\" data-id=\"3930\" src=\"https:\/\/misericordiadesanfernando.com\/wp-content\/uploads\/2026\/03\/Copia-de-Copia-de-Copia-de-Curso-Formativo-Misericordia-3.png\" alt=\"\" class=\"wp-image-3930\" srcset=\"https:\/\/misericordiadesanfernando.com\/wp-content\/uploads\/2026\/03\/Copia-de-Copia-de-Copia-de-Curso-Formativo-Misericordia-3.png 940w, https:\/\/misericordiadesanfernando.com\/wp-content\/uploads\/2026\/03\/Copia-de-Copia-de-Copia-de-Curso-Formativo-Misericordia-3-300x251.png 300w, https:\/\/misericordiadesanfernando.com\/wp-content\/uploads\/2026\/03\/Copia-de-Copia-de-Copia-de-Curso-Formativo-Misericordia-3-768x644.png 768w\" sizes=\"auto, (max-width: 940px) 100vw, 940px\" \/><\/figure>\n<\/figure>\n","protected":false},"excerpt":{"rendered":"<p>S\u00c1BADO 7 DE MARZO20:00 horas &#8211; Santa Misa con homil\u00eda.20:40 horas &#8211; Ejercicio del Santo y Piadoso VIA CRUCIS con la Imagen de Nuestro Padre Jes\u00fas de la Misericordia por&hellip;<\/p>\n","protected":false},"author":3,"featured_media":0,"comment_status":"closed","ping_status":"closed","sticky":false,"template":"","format":"standard","meta":{"footnotes":""},"categories":[39],"tags":[],"class_list":["post-3929","post","type-post","status-publish","format-standard","hentry","category-actualidad"],"_links":{"self":[{"href":"https:\/\/misericordiadesanfernando.com\/index.php\/wp-json\/wp\/v2\/posts\/3929","targetHints":{"allow":["GET"]}}],"collection":[{"href":"https:\/\/misericordiadesanfernando.com\/index.php\/wp-json\/wp\/v2\/posts"}],"about":[{"href":"https:\/\/misericordiadesanfernando.com\/index.php\/wp-json\/wp\/v2\/types\/post"}],"author":[{"embeddable":true,"href":"https:\/\/misericordiadesanfernando.com\/index.php\/wp-json\/wp\/v2\/users\/3"}],"replies":[{"embeddable":true,"href":"https:\/\/misericordiadesanfernando.com\/index.php\/wp-json\/wp\/v2\/comments?post=3929"}],"version-history":[{"count":1,"href":"https:\/\/misericordiadesanfernando.com\/index.php\/wp-json\/wp\/v2\/posts\/3929\/revisions"}],"predecessor-version":[{"id":3931,"href":"https:\/\/misericordiadesanfernando.com\/index.php\/wp-json\/wp\/v2\/posts\/3929\/revisions\/3931"}],"wp:attachment":[{"href":"https:\/\/misericordiadesanfernando.com\/index.php\/wp-json\/wp\/v2\/media?parent=3929"}],"wp:term":[{"taxonomy":"category","embeddable":true,"href":"https:\/\/misericordiadesanfernando.com\/index.php\/wp-json\/wp\/v2\/categories?post=3929"},{"taxonomy":"post_tag","embeddable":true,"href":"https:\/\/misericordiadesanfernando.com\/index.php\/wp-json\/wp\/v2\/tags?post=3929"}],"curies":[{"name":"wp","href":"https:\/\/api.w.org\/{rel}","templated":true}]}}