{"id":3883,"date":"2026-03-06T12:10:05","date_gmt":"2026-03-06T11:10:05","guid":{"rendered":"https:\/\/misericordiadesanfernando.com\/?p=3883"},"modified":"2026-03-06T12:10:06","modified_gmt":"2026-03-06T11:10:06","slug":"jesus-de-la-misericordia-recibira-la-visita-de-los-ninos-de-catequesis-de-la-primera-comunion-vida-parroquial","status":"publish","type":"post","link":"https:\/\/misericordiadesanfernando.com\/index.php\/2026\/03\/06\/jesus-de-la-misericordia-recibira-la-visita-de-los-ninos-de-catequesis-de-la-primera-comunion-vida-parroquial\/","title":{"rendered":"JES\u00daS DE LA MISERICORDIA RECIBIR\u00c1 LA VISITA DE LOS NI\u00d1OS DE CATEQUESIS DE LA PRIMERA COMUNI\u00d3N | Vida parroquial"},"content":{"rendered":"\n<p>Continuamos trabajando para cumplir los objetivos marcados en la propuesta presentada a nuestros hermanos. Entre ellos, uno de especial importancia: acercar nuestras Sagradas Im\u00e1genes Titulares a los fieles y devotos.<\/p>\n\n\n\n<p>Por ello, durante la tarde de hoy, Nuestro Padre Jes\u00fas de la Misericordia recibir\u00e1 la visita de los ni\u00f1os de la catequesis preparatoria para la Primera Comuni\u00f3n de la Parroquia, quienes podr\u00e1n vivir un momento de oraci\u00f3n, meditaci\u00f3n y contemplaci\u00f3n ante nuestro Sagrado Titular.<\/p>\n\n\n\n<p>Durante este encuentro, miembros de nuestra Junta de Gobierno explicar\u00e1n de manera did\u00e1ctica la historia de la Hermandad y de la Sagrada Imagen en el barrio, as\u00ed como el significado de los distintos elementos que conforman el altar ef\u00edmero instalado con motivo de los cultos cuaresmales.<\/p>\n\n\n\n<p>Una oportunidad para que los m\u00e1s peque\u00f1os se acerquen, conozcan y aprendan a rezar ante el Se\u00f1or de la Misericordia.<\/p>\n\n\n\n<figure class=\"wp-block-image size-large\"><img loading=\"lazy\" decoding=\"async\" width=\"768\" height=\"1024\" src=\"https:\/\/misericordiadesanfernando.com\/wp-content\/uploads\/2026\/03\/IMG_9419-2-768x1024.jpeg\" alt=\"\" class=\"wp-image-3884\" srcset=\"https:\/\/misericordiadesanfernando.com\/wp-content\/uploads\/2026\/03\/IMG_9419-2-768x1024.jpeg 768w, https:\/\/misericordiadesanfernando.com\/wp-content\/uploads\/2026\/03\/IMG_9419-2-225x300.jpeg 225w, https:\/\/misericordiadesanfernando.com\/wp-content\/uploads\/2026\/03\/IMG_9419-2-1152x1536.jpeg 1152w, https:\/\/misericordiadesanfernando.com\/wp-content\/uploads\/2026\/03\/IMG_9419-2-1536x2048.jpeg 1536w, https:\/\/misericordiadesanfernando.com\/wp-content\/uploads\/2026\/03\/IMG_9419-2-scaled.jpeg 1920w\" sizes=\"auto, (max-width: 768px) 100vw, 768px\" \/><\/figure>\n","protected":false},"excerpt":{"rendered":"<p>Continuamos trabajando para cumplir los objetivos marcados en la propuesta presentada a nuestros hermanos. Entre ellos, uno de especial importancia: acercar nuestras Sagradas Im\u00e1genes Titulares a los fieles y devotos.&hellip;<\/p>\n","protected":false},"author":3,"featured_media":0,"comment_status":"closed","ping_status":"closed","sticky":false,"template":"","format":"standard","meta":{"footnotes":""},"categories":[39],"tags":[],"class_list":["post-3883","post","type-post","status-publish","format-standard","hentry","category-actualidad"],"_links":{"self":[{"href":"https:\/\/misericordiadesanfernando.com\/index.php\/wp-json\/wp\/v2\/posts\/3883","targetHints":{"allow":["GET"]}}],"collection":[{"href":"https:\/\/misericordiadesanfernando.com\/index.php\/wp-json\/wp\/v2\/posts"}],"about":[{"href":"https:\/\/misericordiadesanfernando.com\/index.php\/wp-json\/wp\/v2\/types\/post"}],"author":[{"embeddable":true,"href":"https:\/\/misericordiadesanfernando.com\/index.php\/wp-json\/wp\/v2\/users\/3"}],"replies":[{"embeddable":true,"href":"https:\/\/misericordiadesanfernando.com\/index.php\/wp-json\/wp\/v2\/comments?post=3883"}],"version-history":[{"count":1,"href":"https:\/\/misericordiadesanfernando.com\/index.php\/wp-json\/wp\/v2\/posts\/3883\/revisions"}],"predecessor-version":[{"id":3885,"href":"https:\/\/misericordiadesanfernando.com\/index.php\/wp-json\/wp\/v2\/posts\/3883\/revisions\/3885"}],"wp:attachment":[{"href":"https:\/\/misericordiadesanfernando.com\/index.php\/wp-json\/wp\/v2\/media?parent=3883"}],"wp:term":[{"taxonomy":"category","embeddable":true,"href":"https:\/\/misericordiadesanfernando.com\/index.php\/wp-json\/wp\/v2\/categories?post=3883"},{"taxonomy":"post_tag","embeddable":true,"href":"https:\/\/misericordiadesanfernando.com\/index.php\/wp-json\/wp\/v2\/tags?post=3883"}],"curies":[{"name":"wp","href":"https:\/\/api.w.org\/{rel}","templated":true}]}}