{"id":3866,"date":"2026-03-06T09:25:25","date_gmt":"2026-03-06T08:25:25","guid":{"rendered":"https:\/\/misericordiadesanfernando.com\/?p=3866"},"modified":"2026-03-06T09:25:26","modified_gmt":"2026-03-06T08:25:26","slug":"los-hermanos-de-la-misericordia-aprueban-las-modificaciones-a-los-estatutos-y-al-reglamento-de-regimen-interno-actualidad","status":"publish","type":"post","link":"https:\/\/misericordiadesanfernando.com\/index.php\/2026\/03\/06\/los-hermanos-de-la-misericordia-aprueban-las-modificaciones-a-los-estatutos-y-al-reglamento-de-regimen-interno-actualidad\/","title":{"rendered":"LOS HERMANOS DE LA MISERICORDIA APRUEBAN LAS MODIFICACIONES A LOS ESTATUTOS Y AL REGLAMENTO DE R\u00c9GIMEN INTERNO | Actualidad"},"content":{"rendered":"\n<p>Una vez concluida la celebraci\u00f3n de la Santa Misa del primer d\u00eda del Solemne Triduo Cuaresmal, tuvo lugar en el Sal\u00f3n Parroquial la celebraci\u00f3n de los cabildos General Ordinario y Extraordinario previstos para el d\u00eda de hoy.<\/p>\n\n\n\n<p>Por disposici\u00f3n de nuestro P\u00e1rroco y Director Espiritual de la Hermandad, el Muy Ilustre Sr. Don Luis Palomino Mill\u00e1n, se cambi\u00f3 el orden de celebraci\u00f3n de los cabildos, haci\u00e9ndose el General Extraordinario en primera instancia, a la hora acordada en la primera convocatoria.<\/p>\n\n\n\n<p>En el mismo, se dieron a conocer por parte del Sr. Hermano Mayor las actualizaciones y modificaciones propuestas a los Estatutos y al Reglamento de R\u00e9gimen Interno. Dichas reformas fueron aprobadas por la mayor\u00eda de los hermanos presentes, destacando como m\u00e1s sustanciales el cambio de fecha del Solemne y Piadoso ejercicio del Santo V\u00eda Crucis, que pasa del s\u00e1bado del triduo cuaresmal al Mi\u00e9rcoles de Ceniza, as\u00ed como el cambio del triduo a Mar\u00eda Sant\u00edsima de la Piedad a los d\u00edas previos a su onom\u00e1stica del 21 de noviembre, quedando el 8 de diciembre como celebraci\u00f3n del aniversario de su bendici\u00f3n, con la Solemne Funci\u00f3n Religiosa, solemne besamanos y preg\u00f3n, tal y como estaba establecido cada cinco a\u00f1os.<br>La Santa Mujer Ver\u00f3nica, como imagen titular de la Hermandad, tendr\u00e1 una misa solemne en el mes de julio en la fecha m\u00e1s cercana a su festividad.<\/p>\n\n\n\n<p>Acto seguido, tuvo lugar la celebraci\u00f3n del Cabildo General Ordinario de la corporaci\u00f3n, en el que los hermanos asistentes aprobaron por unanimidad tanto el estado de cuentas como la memoria de actividades correspondientes al ejercicio presentado.<\/p>\n\n\n\n<p>Agradecemos a nuestros hermanos su participaci\u00f3n en los mencionados cabildos, demostrando una vez m\u00e1s su implicaci\u00f3n e inter\u00e9s en la vida de nuestra Hermandad.<\/p>\n\n\n\n<figure class=\"wp-block-gallery has-nested-images columns-default is-cropped wp-block-gallery-1 is-layout-flex wp-block-gallery-is-layout-flex\">\n<figure class=\"wp-block-image size-large\"><img loading=\"lazy\" decoding=\"async\" width=\"1024\" height=\"768\" data-id=\"3874\" src=\"https:\/\/misericordiadesanfernando.com\/wp-content\/uploads\/2026\/03\/IMG_9447-1024x768.jpeg\" alt=\"\" class=\"wp-image-3874\" srcset=\"https:\/\/misericordiadesanfernando.com\/wp-content\/uploads\/2026\/03\/IMG_9447-1024x768.jpeg 1024w, https:\/\/misericordiadesanfernando.com\/wp-content\/uploads\/2026\/03\/IMG_9447-300x225.jpeg 300w, https:\/\/misericordiadesanfernando.com\/wp-content\/uploads\/2026\/03\/IMG_9447-768x576.jpeg 768w, https:\/\/misericordiadesanfernando.com\/wp-content\/uploads\/2026\/03\/IMG_9447-1536x1152.jpeg 1536w, https:\/\/misericordiadesanfernando.com\/wp-content\/uploads\/2026\/03\/IMG_9447-2048x1536.jpeg 2048w\" sizes=\"auto, (max-width: 1024px) 100vw, 1024px\" \/><\/figure>\n\n\n\n<figure class=\"wp-block-image size-large\"><img loading=\"lazy\" decoding=\"async\" width=\"1024\" height=\"768\" data-id=\"3875\" src=\"https:\/\/misericordiadesanfernando.com\/wp-content\/uploads\/2026\/03\/IMG_9449-1024x768.jpeg\" alt=\"\" class=\"wp-image-3875\" srcset=\"https:\/\/misericordiadesanfernando.com\/wp-content\/uploads\/2026\/03\/IMG_9449-1024x768.jpeg 1024w, https:\/\/misericordiadesanfernando.com\/wp-content\/uploads\/2026\/03\/IMG_9449-300x225.jpeg 300w, https:\/\/misericordiadesanfernando.com\/wp-content\/uploads\/2026\/03\/IMG_9449-768x576.jpeg 768w, https:\/\/misericordiadesanfernando.com\/wp-content\/uploads\/2026\/03\/IMG_9449-1536x1152.jpeg 1536w, https:\/\/misericordiadesanfernando.com\/wp-content\/uploads\/2026\/03\/IMG_9449-2048x1536.jpeg 2048w\" sizes=\"auto, (max-width: 1024px) 100vw, 1024px\" \/><\/figure>\n\n\n\n<figure class=\"wp-block-image size-large\"><img loading=\"lazy\" decoding=\"async\" width=\"1024\" height=\"768\" data-id=\"3872\" src=\"https:\/\/misericordiadesanfernando.com\/wp-content\/uploads\/2026\/03\/IMG_9448-1024x768.jpeg\" alt=\"\" class=\"wp-image-3872\" srcset=\"https:\/\/misericordiadesanfernando.com\/wp-content\/uploads\/2026\/03\/IMG_9448-1024x768.jpeg 1024w, https:\/\/misericordiadesanfernando.com\/wp-content\/uploads\/2026\/03\/IMG_9448-300x225.jpeg 300w, https:\/\/misericordiadesanfernando.com\/wp-content\/uploads\/2026\/03\/IMG_9448-768x576.jpeg 768w, https:\/\/misericordiadesanfernando.com\/wp-content\/uploads\/2026\/03\/IMG_9448-1536x1152.jpeg 1536w, https:\/\/misericordiadesanfernando.com\/wp-content\/uploads\/2026\/03\/IMG_9448-2048x1536.jpeg 2048w\" sizes=\"auto, (max-width: 1024px) 100vw, 1024px\" \/><\/figure>\n\n\n\n<figure class=\"wp-block-image size-large\"><img loading=\"lazy\" decoding=\"async\" width=\"1024\" height=\"768\" data-id=\"3873\" src=\"https:\/\/misericordiadesanfernando.com\/wp-content\/uploads\/2026\/03\/IMG_9450-1024x768.jpeg\" alt=\"\" class=\"wp-image-3873\" srcset=\"https:\/\/misericordiadesanfernando.com\/wp-content\/uploads\/2026\/03\/IMG_9450-1024x768.jpeg 1024w, https:\/\/misericordiadesanfernando.com\/wp-content\/uploads\/2026\/03\/IMG_9450-300x225.jpeg 300w, https:\/\/misericordiadesanfernando.com\/wp-content\/uploads\/2026\/03\/IMG_9450-768x576.jpeg 768w, https:\/\/misericordiadesanfernando.com\/wp-content\/uploads\/2026\/03\/IMG_9450-1536x1152.jpeg 1536w, https:\/\/misericordiadesanfernando.com\/wp-content\/uploads\/2026\/03\/IMG_9450-2048x1536.jpeg 2048w\" sizes=\"auto, (max-width: 1024px) 100vw, 1024px\" \/><\/figure>\n\n\n\n<figure class=\"wp-block-image size-large\"><img loading=\"lazy\" decoding=\"async\" width=\"1024\" height=\"768\" data-id=\"3871\" src=\"https:\/\/misericordiadesanfernando.com\/wp-content\/uploads\/2026\/03\/IMG_9451-1024x768.jpeg\" alt=\"\" class=\"wp-image-3871\" srcset=\"https:\/\/misericordiadesanfernando.com\/wp-content\/uploads\/2026\/03\/IMG_9451-1024x768.jpeg 1024w, https:\/\/misericordiadesanfernando.com\/wp-content\/uploads\/2026\/03\/IMG_9451-300x225.jpeg 300w, https:\/\/misericordiadesanfernando.com\/wp-content\/uploads\/2026\/03\/IMG_9451-768x576.jpeg 768w, https:\/\/misericordiadesanfernando.com\/wp-content\/uploads\/2026\/03\/IMG_9451-1536x1152.jpeg 1536w, https:\/\/misericordiadesanfernando.com\/wp-content\/uploads\/2026\/03\/IMG_9451-2048x1536.jpeg 2048w\" sizes=\"auto, (max-width: 1024px) 100vw, 1024px\" \/><\/figure>\n\n\n\n<figure class=\"wp-block-image size-large\"><img loading=\"lazy\" decoding=\"async\" width=\"1024\" height=\"768\" data-id=\"3870\" src=\"https:\/\/misericordiadesanfernando.com\/wp-content\/uploads\/2026\/03\/IMG_9452-1024x768.jpeg\" alt=\"\" class=\"wp-image-3870\" srcset=\"https:\/\/misericordiadesanfernando.com\/wp-content\/uploads\/2026\/03\/IMG_9452-1024x768.jpeg 1024w, https:\/\/misericordiadesanfernando.com\/wp-content\/uploads\/2026\/03\/IMG_9452-300x225.jpeg 300w, https:\/\/misericordiadesanfernando.com\/wp-content\/uploads\/2026\/03\/IMG_9452-768x576.jpeg 768w, https:\/\/misericordiadesanfernando.com\/wp-content\/uploads\/2026\/03\/IMG_9452-1536x1152.jpeg 1536w, https:\/\/misericordiadesanfernando.com\/wp-content\/uploads\/2026\/03\/IMG_9452-2048x1536.jpeg 2048w\" sizes=\"auto, (max-width: 1024px) 100vw, 1024px\" \/><\/figure>\n\n\n\n<figure class=\"wp-block-image size-large\"><img loading=\"lazy\" decoding=\"async\" width=\"1024\" height=\"768\" data-id=\"3869\" src=\"https:\/\/misericordiadesanfernando.com\/wp-content\/uploads\/2026\/03\/59fa11ee-ce2d-4aee-87cf-597d2f01276b-1024x768.jpeg\" alt=\"\" class=\"wp-image-3869\" srcset=\"https:\/\/misericordiadesanfernando.com\/wp-content\/uploads\/2026\/03\/59fa11ee-ce2d-4aee-87cf-597d2f01276b-1024x768.jpeg 1024w, https:\/\/misericordiadesanfernando.com\/wp-content\/uploads\/2026\/03\/59fa11ee-ce2d-4aee-87cf-597d2f01276b-300x225.jpeg 300w, https:\/\/misericordiadesanfernando.com\/wp-content\/uploads\/2026\/03\/59fa11ee-ce2d-4aee-87cf-597d2f01276b-768x576.jpeg 768w, https:\/\/misericordiadesanfernando.com\/wp-content\/uploads\/2026\/03\/59fa11ee-ce2d-4aee-87cf-597d2f01276b-1536x1152.jpeg 1536w, https:\/\/misericordiadesanfernando.com\/wp-content\/uploads\/2026\/03\/59fa11ee-ce2d-4aee-87cf-597d2f01276b-2048x1536.jpeg 2048w\" sizes=\"auto, (max-width: 1024px) 100vw, 1024px\" \/><\/figure>\n\n\n\n<figure class=\"wp-block-image size-large\"><img loading=\"lazy\" decoding=\"async\" width=\"1024\" height=\"768\" data-id=\"3867\" src=\"https:\/\/misericordiadesanfernando.com\/wp-content\/uploads\/2026\/03\/9927a4fe-aab8-4990-80e0-8a76631bf443-1024x768.jpeg\" alt=\"\" class=\"wp-image-3867\" srcset=\"https:\/\/misericordiadesanfernando.com\/wp-content\/uploads\/2026\/03\/9927a4fe-aab8-4990-80e0-8a76631bf443-1024x768.jpeg 1024w, https:\/\/misericordiadesanfernando.com\/wp-content\/uploads\/2026\/03\/9927a4fe-aab8-4990-80e0-8a76631bf443-300x225.jpeg 300w, https:\/\/misericordiadesanfernando.com\/wp-content\/uploads\/2026\/03\/9927a4fe-aab8-4990-80e0-8a76631bf443-768x576.jpeg 768w, https:\/\/misericordiadesanfernando.com\/wp-content\/uploads\/2026\/03\/9927a4fe-aab8-4990-80e0-8a76631bf443-1536x1152.jpeg 1536w, https:\/\/misericordiadesanfernando.com\/wp-content\/uploads\/2026\/03\/9927a4fe-aab8-4990-80e0-8a76631bf443.jpeg 1600w\" sizes=\"auto, (max-width: 1024px) 100vw, 1024px\" \/><\/figure>\n\n\n\n<figure class=\"wp-block-image size-large\"><img loading=\"lazy\" decoding=\"async\" width=\"1024\" height=\"768\" data-id=\"3868\" src=\"https:\/\/misericordiadesanfernando.com\/wp-content\/uploads\/2026\/03\/3349d5c6-219f-430b-b785-b54c099e5c96-1024x768.jpeg\" alt=\"\" class=\"wp-image-3868\" srcset=\"https:\/\/misericordiadesanfernando.com\/wp-content\/uploads\/2026\/03\/3349d5c6-219f-430b-b785-b54c099e5c96-1024x768.jpeg 1024w, https:\/\/misericordiadesanfernando.com\/wp-content\/uploads\/2026\/03\/3349d5c6-219f-430b-b785-b54c099e5c96-300x225.jpeg 300w, https:\/\/misericordiadesanfernando.com\/wp-content\/uploads\/2026\/03\/3349d5c6-219f-430b-b785-b54c099e5c96-768x576.jpeg 768w, https:\/\/misericordiadesanfernando.com\/wp-content\/uploads\/2026\/03\/3349d5c6-219f-430b-b785-b54c099e5c96-1536x1152.jpeg 1536w, https:\/\/misericordiadesanfernando.com\/wp-content\/uploads\/2026\/03\/3349d5c6-219f-430b-b785-b54c099e5c96-2048x1536.jpeg 2048w\" sizes=\"auto, (max-width: 1024px) 100vw, 1024px\" \/><\/figure>\n<\/figure>\n","protected":false},"excerpt":{"rendered":"<p>Una vez concluida la celebraci\u00f3n de la Santa Misa del primer d\u00eda del Solemne Triduo Cuaresmal, tuvo lugar en el Sal\u00f3n Parroquial la celebraci\u00f3n de los cabildos General Ordinario y&hellip;<\/p>\n","protected":false},"author":3,"featured_media":0,"comment_status":"closed","ping_status":"closed","sticky":false,"template":"","format":"standard","meta":{"footnotes":""},"categories":[39],"tags":[],"class_list":["post-3866","post","type-post","status-publish","format-standard","hentry","category-actualidad"],"_links":{"self":[{"href":"https:\/\/misericordiadesanfernando.com\/index.php\/wp-json\/wp\/v2\/posts\/3866","targetHints":{"allow":["GET"]}}],"collection":[{"href":"https:\/\/misericordiadesanfernando.com\/index.php\/wp-json\/wp\/v2\/posts"}],"about":[{"href":"https:\/\/misericordiadesanfernando.com\/index.php\/wp-json\/wp\/v2\/types\/post"}],"author":[{"embeddable":true,"href":"https:\/\/misericordiadesanfernando.com\/index.php\/wp-json\/wp\/v2\/users\/3"}],"replies":[{"embeddable":true,"href":"https:\/\/misericordiadesanfernando.com\/index.php\/wp-json\/wp\/v2\/comments?post=3866"}],"version-history":[{"count":1,"href":"https:\/\/misericordiadesanfernando.com\/index.php\/wp-json\/wp\/v2\/posts\/3866\/revisions"}],"predecessor-version":[{"id":3876,"href":"https:\/\/misericordiadesanfernando.com\/index.php\/wp-json\/wp\/v2\/posts\/3866\/revisions\/3876"}],"wp:attachment":[{"href":"https:\/\/misericordiadesanfernando.com\/index.php\/wp-json\/wp\/v2\/media?parent=3866"}],"wp:term":[{"taxonomy":"category","embeddable":true,"href":"https:\/\/misericordiadesanfernando.com\/index.php\/wp-json\/wp\/v2\/categories?post=3866"},{"taxonomy":"post_tag","embeddable":true,"href":"https:\/\/misericordiadesanfernando.com\/index.php\/wp-json\/wp\/v2\/tags?post=3866"}],"curies":[{"name":"wp","href":"https:\/\/api.w.org\/{rel}","templated":true}]}}